{"id":533,"date":"2023-02-15T01:27:37","date_gmt":"2023-02-14T23:27:37","guid":{"rendered":"https:\/\/labovilleurbanne.fr\/blog\/?p=533"},"modified":"2023-07-23T00:12:29","modified_gmt":"2023-07-22T22:12:29","slug":"etabli-l-o-v","status":"publish","type":"post","link":"https:\/\/labovilleurbanne.fr\/blog\/2023\/02\/15\/etabli-l-o-v\/","title":{"rendered":"Etabli L.O.V&nbsp;: saison 2"},"content":{"rendered":"\n<p>En <a rel=\"noreferrer noopener\" href=\"https:\/\/labovilleurbanne.fr\/dokuwiki\/projets:etabli_bois\" target=\"_blank\">saison 1<\/a>, le LOV a achet\u00e9 du bois \u00e0 l&rsquo;association villeurbannaise <a rel=\"noreferrer noopener\" href=\"https:\/\/mineka.fr\/\" target=\"_blank\">Mineka<\/a> et a commenc\u00e9 \u00e0 le pr\u00e9parer. Voici la saison 2 qui verra la finalisation de l&rsquo;\u00e9tabli.<\/p>\n\n\n\n<!--more-->\n\n\n\n<p>Le r\u00e9sum\u00e9 de la saison pr\u00e9c\u00e9dente en une image&nbsp;:<\/p>\n\n\n\n<figure class=\"wp-block-image size-full\"><a href=\"https:\/\/labovilleurbanne.fr\/dokuwiki\/projets:etabli_bois\"><img decoding=\"async\" loading=\"lazy\" width=\"1080\" height=\"608\" src=\"https:\/\/labovilleurbanne.fr\/blog\/wp-content\/uploads\/2023\/06\/EtabliBoisDecloutage.jpg\" alt=\"\" class=\"wp-image-1837\" srcset=\"https:\/\/labovilleurbanne.fr\/blog\/wp-content\/uploads\/2023\/06\/EtabliBoisDecloutage.jpg 1080w, https:\/\/labovilleurbanne.fr\/blog\/wp-content\/uploads\/2023\/06\/EtabliBoisDecloutage-700x394.jpg 700w, https:\/\/labovilleurbanne.fr\/blog\/wp-content\/uploads\/2023\/06\/EtabliBoisDecloutage-1024x576.jpg 1024w, https:\/\/labovilleurbanne.fr\/blog\/wp-content\/uploads\/2023\/06\/EtabliBoisDecloutage-768x432.jpg 768w\" sizes=\"(max-width: 709px) 85vw, (max-width: 909px) 67vw, (max-width: 1362px) 62vw, 840px\" \/><\/a><\/figure>\n\n\n\n<div style=\"height:2em\" aria-hidden=\"true\" class=\"wp-block-spacer\"><\/div>\n\n\n\n<p>Des plans de l&rsquo;\u00e9tabli sont r\u00e9alis\u00e9s. Ils sont h\u00e9berg\u00e9s sur&nbsp;:  h<a rel=\"noreferrer noopener\" href=\"https:\/\/github.com\/rhinosys\/lov-atelier\" target=\"_blank\">ttps:\/\/github.com\/rhinosys\/lov-atelier<\/a><\/p>\n\n\n\n<figure class=\"wp-block-image size-full\"><img decoding=\"async\" loading=\"lazy\" width=\"1558\" height=\"964\" src=\"https:\/\/labovilleurbanne.fr\/blog\/wp-content\/uploads\/2023\/02\/Croqui002.png\" alt=\"\" class=\"wp-image-541\" srcset=\"https:\/\/labovilleurbanne.fr\/blog\/wp-content\/uploads\/2023\/02\/Croqui002.png 1558w, https:\/\/labovilleurbanne.fr\/blog\/wp-content\/uploads\/2023\/02\/Croqui002-700x433.png 700w, https:\/\/labovilleurbanne.fr\/blog\/wp-content\/uploads\/2023\/02\/Croqui002-1024x634.png 1024w, https:\/\/labovilleurbanne.fr\/blog\/wp-content\/uploads\/2023\/02\/Croqui002-768x475.png 768w, https:\/\/labovilleurbanne.fr\/blog\/wp-content\/uploads\/2023\/02\/Croqui002-1536x950.png 1536w, https:\/\/labovilleurbanne.fr\/blog\/wp-content\/uploads\/2023\/02\/Croqui002-1200x742.png 1200w\" sizes=\"(max-width: 709px) 85vw, (max-width: 909px) 67vw, (max-width: 1362px) 62vw, 840px\" \/><figcaption class=\"wp-element-caption\">plan \u00e9tabli <\/figcaption><\/figure>\n\n\n\n<div style=\"height:3em\" aria-hidden=\"true\" class=\"wp-block-spacer\"><\/div>\n\n\n\n<h2>Voici les \u00e9tapes de la r\u00e9alisation&nbsp;:<\/h2>\n\n\n\n<ul>\n<li>S\u00e9lection des madriers<\/li>\n<\/ul>\n\n\n\n<figure class=\"is-layout-flex wp-block-gallery-2 wp-block-gallery has-nested-images columns-default is-cropped\">\n<figure class=\"wp-block-image size-large\"><img decoding=\"async\" loading=\"lazy\" width=\"768\" height=\"1024\" data-id=\"1571\"  src=\"https:\/\/labovilleurbanne.fr\/blog\/wp-content\/uploads\/2023\/06\/EtabliPhoto_3-768x1024.jpg\" alt=\"\" class=\"wp-image-1571\" srcset=\"https:\/\/labovilleurbanne.fr\/blog\/wp-content\/uploads\/2023\/06\/EtabliPhoto_3-768x1024.jpg 768w, https:\/\/labovilleurbanne.fr\/blog\/wp-content\/uploads\/2023\/06\/EtabliPhoto_3-525x700.jpg 525w, https:\/\/labovilleurbanne.fr\/blog\/wp-content\/uploads\/2023\/06\/EtabliPhoto_3-1152x1536.jpg 1152w, https:\/\/labovilleurbanne.fr\/blog\/wp-content\/uploads\/2023\/06\/EtabliPhoto_3.jpg 1200w\" sizes=\"(max-width: 709px) 85vw, (max-width: 909px) 67vw, (max-width: 984px) 61vw, (max-width: 1362px) 45vw, 600px\" \/><\/figure>\n<\/figure>\n\n\n\n<p><\/p>\n\n\n\n<div style=\"height:3em\" aria-hidden=\"true\" class=\"wp-block-spacer\"><\/div>\n\n\n\n<p>Nous avons rabot\u00e9 les deux faces int\u00e9rieures. Et nous avons r\u00e9p\u00e9t\u00e9 cette \u00e9tape sur les 6 madriers qui vont former le plateau.<\/p>\n\n\n\n<figure class=\"wp-block-image size-large\"><img decoding=\"async\" loading=\"lazy\" width=\"768\" height=\"1024\" src=\"https:\/\/labovilleurbanne.fr\/blog\/wp-content\/uploads\/2023\/06\/EtabliPhoto_2-768x1024.jpg\" alt=\"\" class=\"wp-image-1570\" srcset=\"https:\/\/labovilleurbanne.fr\/blog\/wp-content\/uploads\/2023\/06\/EtabliPhoto_2-768x1024.jpg 768w, https:\/\/labovilleurbanne.fr\/blog\/wp-content\/uploads\/2023\/06\/EtabliPhoto_2-525x700.jpg 525w, https:\/\/labovilleurbanne.fr\/blog\/wp-content\/uploads\/2023\/06\/EtabliPhoto_2-1152x1536.jpg 1152w, https:\/\/labovilleurbanne.fr\/blog\/wp-content\/uploads\/2023\/06\/EtabliPhoto_2.jpg 1200w\" sizes=\"(max-width: 709px) 85vw, (max-width: 909px) 67vw, (max-width: 984px) 61vw, (max-width: 1362px) 45vw, 600px\" \/><\/figure>\n\n\n\n<div style=\"height:3em\" aria-hidden=\"true\" class=\"wp-block-spacer\"><\/div>\n\n\n\n<p>Nous avons coup\u00e9 les futures pattes de l&rsquo;\u00e9tabli avec la scie \u00e0 onglet.<\/p>\n\n\n\n<figure class=\"is-layout-flex wp-block-gallery-4 wp-block-gallery has-nested-images columns-default is-cropped\">\n<figure class=\"wp-block-image size-large\"><img decoding=\"async\" loading=\"lazy\" width=\"1024\" height=\"768\" data-id=\"1569\"  src=\"https:\/\/labovilleurbanne.fr\/blog\/wp-content\/uploads\/2023\/06\/EtabliPhoto_1-1024x768.jpg\" alt=\"\" class=\"wp-image-1569\" srcset=\"https:\/\/labovilleurbanne.fr\/blog\/wp-content\/uploads\/2023\/06\/EtabliPhoto_1-1024x768.jpg 1024w, https:\/\/labovilleurbanne.fr\/blog\/wp-content\/uploads\/2023\/06\/EtabliPhoto_1-700x525.jpg 700w, https:\/\/labovilleurbanne.fr\/blog\/wp-content\/uploads\/2023\/06\/EtabliPhoto_1-768x576.jpg 768w, https:\/\/labovilleurbanne.fr\/blog\/wp-content\/uploads\/2023\/06\/EtabliPhoto_1-1536x1152.jpg 1536w, https:\/\/labovilleurbanne.fr\/blog\/wp-content\/uploads\/2023\/06\/EtabliPhoto_1-1200x900.jpg 1200w, https:\/\/labovilleurbanne.fr\/blog\/wp-content\/uploads\/2023\/06\/EtabliPhoto_1.jpg 1600w\" sizes=\"(max-width: 709px) 85vw, (max-width: 909px) 67vw, (max-width: 1362px) 62vw, 840px\" \/><\/figure>\n<\/figure>\n\n\n\n<p><\/p>\n\n\n\n<div style=\"height:3em\" aria-hidden=\"true\" class=\"wp-block-spacer\"><\/div>\n\n\n\n<p>Nous avons perc\u00e9s  chaque morceau du plateau en utilisant le premier comme gabarit.<\/p>\n\n\n\n<figure class=\"wp-block-image size-large\"><img decoding=\"async\" loading=\"lazy\" width=\"768\" height=\"1024\" src=\"https:\/\/labovilleurbanne.fr\/blog\/wp-content\/uploads\/2023\/06\/EtabliPhoto_9-768x1024.jpg\" alt=\"\" class=\"wp-image-1577\" srcset=\"https:\/\/labovilleurbanne.fr\/blog\/wp-content\/uploads\/2023\/06\/EtabliPhoto_9-768x1024.jpg 768w, https:\/\/labovilleurbanne.fr\/blog\/wp-content\/uploads\/2023\/06\/EtabliPhoto_9-525x700.jpg 525w, https:\/\/labovilleurbanne.fr\/blog\/wp-content\/uploads\/2023\/06\/EtabliPhoto_9-1152x1536.jpg 1152w, https:\/\/labovilleurbanne.fr\/blog\/wp-content\/uploads\/2023\/06\/EtabliPhoto_9.jpg 1200w\" sizes=\"(max-width: 709px) 85vw, (max-width: 909px) 67vw, (max-width: 984px) 61vw, (max-width: 1362px) 45vw, 600px\" \/><\/figure>\n\n\n\n<figure class=\"wp-block-image size-full\"><img decoding=\"async\" loading=\"lazy\" width=\"1200\" height=\"900\" src=\"https:\/\/labovilleurbanne.fr\/blog\/wp-content\/uploads\/2023\/06\/EtabliPhoto_18.jpg\" alt=\"\" class=\"wp-image-1586\" srcset=\"https:\/\/labovilleurbanne.fr\/blog\/wp-content\/uploads\/2023\/06\/EtabliPhoto_18.jpg 1200w, https:\/\/labovilleurbanne.fr\/blog\/wp-content\/uploads\/2023\/06\/EtabliPhoto_18-700x525.jpg 700w, https:\/\/labovilleurbanne.fr\/blog\/wp-content\/uploads\/2023\/06\/EtabliPhoto_18-1024x768.jpg 1024w, https:\/\/labovilleurbanne.fr\/blog\/wp-content\/uploads\/2023\/06\/EtabliPhoto_18-768x576.jpg 768w\" sizes=\"(max-width: 709px) 85vw, (max-width: 909px) 67vw, (max-width: 1362px) 62vw, 840px\" \/><\/figure>\n\n\n\n<figure class=\"wp-block-image size-large\"><img decoding=\"async\" loading=\"lazy\" width=\"768\" height=\"1024\" src=\"https:\/\/labovilleurbanne.fr\/blog\/wp-content\/uploads\/2023\/06\/EtabliPhoto_23-768x1024.jpg\" alt=\"\" class=\"wp-image-1591\" srcset=\"https:\/\/labovilleurbanne.fr\/blog\/wp-content\/uploads\/2023\/06\/EtabliPhoto_23-768x1024.jpg 768w, https:\/\/labovilleurbanne.fr\/blog\/wp-content\/uploads\/2023\/06\/EtabliPhoto_23-525x700.jpg 525w, https:\/\/labovilleurbanne.fr\/blog\/wp-content\/uploads\/2023\/06\/EtabliPhoto_23-1152x1536.jpg 1152w, https:\/\/labovilleurbanne.fr\/blog\/wp-content\/uploads\/2023\/06\/EtabliPhoto_23.jpg 1200w\" sizes=\"(max-width: 709px) 85vw, (max-width: 909px) 67vw, (max-width: 984px) 61vw, (max-width: 1362px) 45vw, 600px\" \/><\/figure>\n\n\n\n<div style=\"height:3em\" aria-hidden=\"true\" class=\"wp-block-spacer\"><\/div>\n\n\n\n<p>Nous validons le montage sans colle avec des tiges filet\u00e9es.<\/p>\n\n\n\n<figure class=\"wp-block-image size-large\"><img decoding=\"async\" loading=\"lazy\" width=\"768\" height=\"1024\" src=\"https:\/\/labovilleurbanne.fr\/blog\/wp-content\/uploads\/2023\/06\/EtabliPhoto_8-768x1024.jpg\" alt=\"\" class=\"wp-image-1576\" srcset=\"https:\/\/labovilleurbanne.fr\/blog\/wp-content\/uploads\/2023\/06\/EtabliPhoto_8-768x1024.jpg 768w, https:\/\/labovilleurbanne.fr\/blog\/wp-content\/uploads\/2023\/06\/EtabliPhoto_8-525x700.jpg 525w, https:\/\/labovilleurbanne.fr\/blog\/wp-content\/uploads\/2023\/06\/EtabliPhoto_8-1152x1536.jpg 1152w, https:\/\/labovilleurbanne.fr\/blog\/wp-content\/uploads\/2023\/06\/EtabliPhoto_8.jpg 1200w\" sizes=\"(max-width: 709px) 85vw, (max-width: 909px) 67vw, (max-width: 984px) 61vw, (max-width: 1362px) 45vw, 600px\" \/><\/figure>\n\n\n\n<figure class=\"wp-block-image size-large\"><img decoding=\"async\" loading=\"lazy\" width=\"768\" height=\"1024\" src=\"https:\/\/labovilleurbanne.fr\/blog\/wp-content\/uploads\/2023\/06\/EtabliPhoto_19-768x1024.jpg\" alt=\"\" class=\"wp-image-1587\" srcset=\"https:\/\/labovilleurbanne.fr\/blog\/wp-content\/uploads\/2023\/06\/EtabliPhoto_19-768x1024.jpg 768w, https:\/\/labovilleurbanne.fr\/blog\/wp-content\/uploads\/2023\/06\/EtabliPhoto_19-525x700.jpg 525w, https:\/\/labovilleurbanne.fr\/blog\/wp-content\/uploads\/2023\/06\/EtabliPhoto_19-1152x1536.jpg 1152w, https:\/\/labovilleurbanne.fr\/blog\/wp-content\/uploads\/2023\/06\/EtabliPhoto_19.jpg 1200w\" sizes=\"(max-width: 709px) 85vw, (max-width: 909px) 67vw, (max-width: 984px) 61vw, (max-width: 1362px) 45vw, 600px\" \/><\/figure>\n\n\n\n<div style=\"height:2em\" aria-hidden=\"true\" class=\"wp-block-spacer\"><\/div>\n\n\n\n<p>On coupe les tiges filet\u00e9es.<\/p>\n\n\n\n<figure class=\"wp-block-image size-full\"><img decoding=\"async\" loading=\"lazy\" width=\"1600\" height=\"1200\" src=\"https:\/\/labovilleurbanne.fr\/blog\/wp-content\/uploads\/2023\/06\/EtabliPhoto_37.jpg\" alt=\"\" class=\"wp-image-1605\" srcset=\"https:\/\/labovilleurbanne.fr\/blog\/wp-content\/uploads\/2023\/06\/EtabliPhoto_37.jpg 1600w, https:\/\/labovilleurbanne.fr\/blog\/wp-content\/uploads\/2023\/06\/EtabliPhoto_37-700x525.jpg 700w, https:\/\/labovilleurbanne.fr\/blog\/wp-content\/uploads\/2023\/06\/EtabliPhoto_37-1024x768.jpg 1024w, https:\/\/labovilleurbanne.fr\/blog\/wp-content\/uploads\/2023\/06\/EtabliPhoto_37-768x576.jpg 768w, https:\/\/labovilleurbanne.fr\/blog\/wp-content\/uploads\/2023\/06\/EtabliPhoto_37-1536x1152.jpg 1536w, https:\/\/labovilleurbanne.fr\/blog\/wp-content\/uploads\/2023\/06\/EtabliPhoto_37-1200x900.jpg 1200w\" sizes=\"(max-width: 709px) 85vw, (max-width: 909px) 67vw, (max-width: 1362px) 62vw, 840px\" \/><\/figure>\n\n\n\n<div style=\"height:2em\" aria-hidden=\"true\" class=\"wp-block-spacer\"><\/div>\n\n\n\n<p>On colle le plateau<\/p>\n\n\n\n<figure class=\"wp-block-image size-large\"><img decoding=\"async\" loading=\"lazy\" width=\"768\" height=\"1024\" src=\"https:\/\/labovilleurbanne.fr\/blog\/wp-content\/uploads\/2023\/06\/EtabliPhoto_40-768x1024.jpg\" alt=\"\" class=\"wp-image-1608\" srcset=\"https:\/\/labovilleurbanne.fr\/blog\/wp-content\/uploads\/2023\/06\/EtabliPhoto_40-768x1024.jpg 768w, https:\/\/labovilleurbanne.fr\/blog\/wp-content\/uploads\/2023\/06\/EtabliPhoto_40-525x700.jpg 525w, https:\/\/labovilleurbanne.fr\/blog\/wp-content\/uploads\/2023\/06\/EtabliPhoto_40-1152x1536.jpg 1152w, https:\/\/labovilleurbanne.fr\/blog\/wp-content\/uploads\/2023\/06\/EtabliPhoto_40.jpg 1200w\" sizes=\"(max-width: 709px) 85vw, (max-width: 909px) 67vw, (max-width: 984px) 61vw, (max-width: 1362px) 45vw, 600px\" \/><\/figure>\n\n\n\n<figure class=\"wp-block-image size-large\"><img decoding=\"async\" loading=\"lazy\" width=\"768\" height=\"1024\" src=\"https:\/\/labovilleurbanne.fr\/blog\/wp-content\/uploads\/2023\/06\/EtabliPhoto_43-768x1024.jpg\" alt=\"\" class=\"wp-image-1611\" srcset=\"https:\/\/labovilleurbanne.fr\/blog\/wp-content\/uploads\/2023\/06\/EtabliPhoto_43-768x1024.jpg 768w, https:\/\/labovilleurbanne.fr\/blog\/wp-content\/uploads\/2023\/06\/EtabliPhoto_43-525x700.jpg 525w, https:\/\/labovilleurbanne.fr\/blog\/wp-content\/uploads\/2023\/06\/EtabliPhoto_43-1152x1536.jpg 1152w, https:\/\/labovilleurbanne.fr\/blog\/wp-content\/uploads\/2023\/06\/EtabliPhoto_43.jpg 1200w\" sizes=\"(max-width: 709px) 85vw, (max-width: 909px) 67vw, (max-width: 984px) 61vw, (max-width: 1362px) 45vw, 600px\" \/><\/figure>\n\n\n\n<div style=\"height:2em\" aria-hidden=\"true\" class=\"wp-block-spacer\"><\/div>\n\n\n\n<p>On passe le plateau dans la CNC pour raboter la surface.<\/p>\n\n\n\n<figure class=\"wp-block-image size-full\"><img decoding=\"async\" loading=\"lazy\" width=\"1600\" height=\"1200\" src=\"https:\/\/labovilleurbanne.fr\/blog\/wp-content\/uploads\/2023\/06\/EtabliPhoto_50.jpg\" alt=\"\" class=\"wp-image-1618\" srcset=\"https:\/\/labovilleurbanne.fr\/blog\/wp-content\/uploads\/2023\/06\/EtabliPhoto_50.jpg 1600w, https:\/\/labovilleurbanne.fr\/blog\/wp-content\/uploads\/2023\/06\/EtabliPhoto_50-700x525.jpg 700w, https:\/\/labovilleurbanne.fr\/blog\/wp-content\/uploads\/2023\/06\/EtabliPhoto_50-1024x768.jpg 1024w, https:\/\/labovilleurbanne.fr\/blog\/wp-content\/uploads\/2023\/06\/EtabliPhoto_50-768x576.jpg 768w, https:\/\/labovilleurbanne.fr\/blog\/wp-content\/uploads\/2023\/06\/EtabliPhoto_50-1536x1152.jpg 1536w, https:\/\/labovilleurbanne.fr\/blog\/wp-content\/uploads\/2023\/06\/EtabliPhoto_50-1200x900.jpg 1200w\" sizes=\"(max-width: 709px) 85vw, (max-width: 909px) 67vw, (max-width: 1362px) 62vw, 840px\" \/><\/figure>\n\n\n\n<figure class=\"wp-block-image size-full\"><img decoding=\"async\" loading=\"lazy\" width=\"1600\" height=\"1200\" src=\"https:\/\/labovilleurbanne.fr\/blog\/wp-content\/uploads\/2023\/06\/EtabliPhoto_52.jpg\" alt=\"\" class=\"wp-image-1620\" srcset=\"https:\/\/labovilleurbanne.fr\/blog\/wp-content\/uploads\/2023\/06\/EtabliPhoto_52.jpg 1600w, https:\/\/labovilleurbanne.fr\/blog\/wp-content\/uploads\/2023\/06\/EtabliPhoto_52-700x525.jpg 700w, https:\/\/labovilleurbanne.fr\/blog\/wp-content\/uploads\/2023\/06\/EtabliPhoto_52-1024x768.jpg 1024w, https:\/\/labovilleurbanne.fr\/blog\/wp-content\/uploads\/2023\/06\/EtabliPhoto_52-768x576.jpg 768w, https:\/\/labovilleurbanne.fr\/blog\/wp-content\/uploads\/2023\/06\/EtabliPhoto_52-1536x1152.jpg 1536w, https:\/\/labovilleurbanne.fr\/blog\/wp-content\/uploads\/2023\/06\/EtabliPhoto_52-1200x900.jpg 1200w\" sizes=\"(max-width: 709px) 85vw, (max-width: 909px) 67vw, (max-width: 1362px) 62vw, 840px\" \/><\/figure>\n\n\n\n<div style=\"height:2em\" aria-hidden=\"true\" class=\"wp-block-spacer\"><\/div>\n\n\n\n<p>Il ne reste plus qu&rsquo;\u00e0 chanfreiner les angles, \u00e0 recouper bien proprement les bouts du plateau et \u00e0 le vernir.<\/p>\n\n\n\n<p>Le voil\u00e0 termin\u00e9 et en place. Nous allons pouvoir faire tranquillement de la menuiserie.<\/p>\n\n\n\n<figure class=\"wp-block-image size-full\"><img decoding=\"async\" loading=\"lazy\" width=\"2560\" height=\"1707\" src=\"https:\/\/labovilleurbanne.fr\/blog\/wp-content\/uploads\/2023\/06\/IMG_4075_MOD-scaled.jpg\" alt=\"\" class=\"wp-image-1694\" srcset=\"https:\/\/labovilleurbanne.fr\/blog\/wp-content\/uploads\/2023\/06\/IMG_4075_MOD-scaled.jpg 2560w, https:\/\/labovilleurbanne.fr\/blog\/wp-content\/uploads\/2023\/06\/IMG_4075_MOD-700x467.jpg 700w, https:\/\/labovilleurbanne.fr\/blog\/wp-content\/uploads\/2023\/06\/IMG_4075_MOD-1024x683.jpg 1024w, https:\/\/labovilleurbanne.fr\/blog\/wp-content\/uploads\/2023\/06\/IMG_4075_MOD-768x512.jpg 768w, https:\/\/labovilleurbanne.fr\/blog\/wp-content\/uploads\/2023\/06\/IMG_4075_MOD-1536x1024.jpg 1536w, https:\/\/labovilleurbanne.fr\/blog\/wp-content\/uploads\/2023\/06\/IMG_4075_MOD-2048x1365.jpg 2048w, https:\/\/labovilleurbanne.fr\/blog\/wp-content\/uploads\/2023\/06\/IMG_4075_MOD-1200x800.jpg 1200w\" sizes=\"(max-width: 709px) 85vw, (max-width: 909px) 67vw, (max-width: 1362px) 62vw, 840px\" \/><\/figure>","protected":false},"excerpt":{"rendered":"<p>En saison 1, le LOV a achet\u00e9 du bois \u00e0 l&rsquo;association villeurbannaise Mineka et a commenc\u00e9 \u00e0 le pr\u00e9parer. Voici la saison 2 qui verra la finalisation de l&rsquo;\u00e9tabli.<\/p>","protected":false},"author":14,"featured_media":545,"comment_status":"open","ping_status":"open","sticky":false,"template":"","format":"standard","meta":[],"categories":[5,6,82],"tags":[70,71],"yoast_head":"<!-- This site is optimized with the Yoast SEO plugin v21.1 - https:\/\/yoast.com\/wordpress\/plugins\/seo\/ -->\n<title>Etabli L.O.V : saison 2 - LABORATOIRE OUVERT VILLEURBANNAIS<\/title>\n<meta name=\"robots\" content=\"index, follow, max-snippet:-1, max-image-preview:large, max-video-preview:-1\" \/>\n<link rel=\"canonical\" href=\"https:\/\/labovilleurbanne.fr\/blog\/2023\/02\/15\/etabli-l-o-v\/\" \/>\n<meta property=\"og:locale\" content=\"fr_FR\" \/>\n<meta property=\"og:type\" content=\"article\" \/>\n<meta property=\"og:title\" content=\"Etabli L.O.V : saison 2 - LABORATOIRE OUVERT VILLEURBANNAIS\" \/>\n<meta property=\"og:description\" content=\"En saison 1, le LOV a achet\u00e9 du bois \u00e0 l&rsquo;association villeurbannaise Mineka et a commenc\u00e9 \u00e0 le pr\u00e9parer. Voici la saison 2 qui verra la finalisation de l&rsquo;\u00e9tabli.\" \/>\n<meta property=\"og:url\" content=\"https:\/\/labovilleurbanne.fr\/blog\/2023\/02\/15\/etabli-l-o-v\/\" \/>\n<meta property=\"og:site_name\" content=\"LABORATOIRE OUVERT VILLEURBANNAIS\" \/>\n<meta property=\"article:publisher\" content=\"https:\/\/www.facebook.com\/labolov\" \/>\n<meta property=\"article:published_time\" content=\"2023-02-14T23:27:37+00:00\" \/>\n<meta property=\"article:modified_time\" content=\"2023-07-22T22:12:29+00:00\" \/>\n<meta property=\"og:image\" content=\"https:\/\/labovilleurbanne.fr\/blog\/wp-content\/uploads\/2023\/02\/EtabliCroquis009.png\" \/>\n\t<meta property=\"og:image:width\" content=\"1940\" \/>\n\t<meta property=\"og:image:height\" content=\"1230\" \/>\n\t<meta property=\"og:image:type\" content=\"image\/png\" \/>\n<meta name=\"author\" content=\"Nicolas Rineau\" \/>\n<meta name=\"twitter:card\" content=\"summary_large_image\" \/>\n<meta name=\"twitter:label1\" content=\"\u00c9crit par\" \/>\n\t<meta name=\"twitter:data1\" content=\"Nicolas Rineau\" \/>\n\t<meta name=\"twitter:label2\" content=\"Dur\u00e9e de lecture estim\u00e9e\" \/>\n\t<meta name=\"twitter:data2\" content=\"5 minutes\" \/>\n<script type=\"application\/ld+json\" class=\"yoast-schema-graph\">{\"@context\":\"https:\/\/schema.org\",\"@graph\":[{\"@type\":[\"Article\",\"BlogPosting\"],\"@id\":\"https:\/\/labovilleurbanne.fr\/blog\/2023\/02\/15\/etabli-l-o-v\/#article\",\"isPartOf\":{\"@id\":\"https:\/\/labovilleurbanne.fr\/blog\/2023\/02\/15\/etabli-l-o-v\/\"},\"author\":{\"name\":\"Nicolas Rineau\",\"@id\":\"https:\/\/labovilleurbanne.fr\/blog\/#\/schema\/person\/c31b3bf795c7195791f43df93c06a250\"},\"headline\":\"Etabli L.O.V&nbsp;: saison 2\",\"datePublished\":\"2023-02-14T23:27:37+00:00\",\"dateModified\":\"2023-07-22T22:12:29+00:00\",\"mainEntityOfPage\":{\"@id\":\"https:\/\/labovilleurbanne.fr\/blog\/2023\/02\/15\/etabli-l-o-v\/\"},\"wordCount\":193,\"commentCount\":0,\"publisher\":{\"@id\":\"https:\/\/labovilleurbanne.fr\/blog\/#organization\"},\"keywords\":[\"cnc\",\"menuiserie\"],\"articleSection\":[\"local\",\"projet\",\"projet en cours\"],\"inLanguage\":\"fr-FR\",\"potentialAction\":[{\"@type\":\"CommentAction\",\"name\":\"Comment\",\"target\":[\"https:\/\/labovilleurbanne.fr\/blog\/2023\/02\/15\/etabli-l-o-v\/#respond\"]}]},{\"@type\":\"WebPage\",\"@id\":\"https:\/\/labovilleurbanne.fr\/blog\/2023\/02\/15\/etabli-l-o-v\/\",\"url\":\"https:\/\/labovilleurbanne.fr\/blog\/2023\/02\/15\/etabli-l-o-v\/\",\"name\":\"Etabli L.O.V : saison 2 - LABORATOIRE OUVERT VILLEURBANNAIS\",\"isPartOf\":{\"@id\":\"https:\/\/labovilleurbanne.fr\/blog\/#website\"},\"datePublished\":\"2023-02-14T23:27:37+00:00\",\"dateModified\":\"2023-07-22T22:12:29+00:00\",\"breadcrumb\":{\"@id\":\"https:\/\/labovilleurbanne.fr\/blog\/2023\/02\/15\/etabli-l-o-v\/#breadcrumb\"},\"inLanguage\":\"fr-FR\",\"potentialAction\":[{\"@type\":\"ReadAction\",\"target\":[\"https:\/\/labovilleurbanne.fr\/blog\/2023\/02\/15\/etabli-l-o-v\/\"]}]},{\"@type\":\"BreadcrumbList\",\"@id\":\"https:\/\/labovilleurbanne.fr\/blog\/2023\/02\/15\/etabli-l-o-v\/#breadcrumb\",\"itemListElement\":[{\"@type\":\"ListItem\",\"position\":1,\"name\":\"Accueil\",\"item\":\"https:\/\/labovilleurbanne.fr\/blog\/\"},{\"@type\":\"ListItem\",\"position\":2,\"name\":\"Etabli L.O.V&nbsp;: saison 2\"}]},{\"@type\":\"WebSite\",\"@id\":\"https:\/\/labovilleurbanne.fr\/blog\/#website\",\"url\":\"https:\/\/labovilleurbanne.fr\/blog\/\",\"name\":\"LABORATOIRE OUVERT VILLEURBANNAIS\",\"description\":\"\",\"publisher\":{\"@id\":\"https:\/\/labovilleurbanne.fr\/blog\/#organization\"},\"potentialAction\":[{\"@type\":\"SearchAction\",\"target\":{\"@type\":\"EntryPoint\",\"urlTemplate\":\"https:\/\/labovilleurbanne.fr\/blog\/?s={search_term_string}\"},\"query-input\":\"required name=search_term_string\"}],\"inLanguage\":\"fr-FR\"},{\"@type\":\"Organization\",\"@id\":\"https:\/\/labovilleurbanne.fr\/blog\/#organization\",\"name\":\"LABORATOIRE OUVERT VILLEURBANNAIS\",\"url\":\"https:\/\/labovilleurbanne.fr\/blog\/\",\"logo\":{\"@type\":\"ImageObject\",\"inLanguage\":\"fr-FR\",\"@id\":\"https:\/\/labovilleurbanne.fr\/blog\/#\/schema\/logo\/image\/\",\"url\":\"https:\/\/labovilleurbanne.fr\/blog\/wp-content\/uploads\/2023\/09\/cropped-logo.png\",\"contentUrl\":\"https:\/\/labovilleurbanne.fr\/blog\/wp-content\/uploads\/2023\/09\/cropped-logo.png\",\"width\":240,\"height\":240,\"caption\":\"LABORATOIRE OUVERT VILLEURBANNAIS\"},\"image\":{\"@id\":\"https:\/\/labovilleurbanne.fr\/blog\/#\/schema\/logo\/image\/\"},\"sameAs\":[\"https:\/\/www.facebook.com\/labolov\",\"https:\/\/framateam.org\/labolov\"]},{\"@type\":\"Person\",\"@id\":\"https:\/\/labovilleurbanne.fr\/blog\/#\/schema\/person\/c31b3bf795c7195791f43df93c06a250\",\"name\":\"Nicolas Rineau\",\"image\":{\"@type\":\"ImageObject\",\"inLanguage\":\"fr-FR\",\"@id\":\"https:\/\/labovilleurbanne.fr\/blog\/#\/schema\/person\/image\/\",\"url\":\"https:\/\/secure.gravatar.com\/avatar\/aee6f7f17027c91c34936c5e329febbb?s=96&d=monsterid&r=g\",\"contentUrl\":\"https:\/\/secure.gravatar.com\/avatar\/aee6f7f17027c91c34936c5e329febbb?s=96&d=monsterid&r=g\",\"caption\":\"Nicolas Rineau\"},\"url\":\"https:\/\/labovilleurbanne.fr\/blog\/author\/nicolas_rineau\/\"}]}<\/script>\n<!-- \/ Yoast SEO plugin. -->","yoast_head_json":{"title":"Etabli L.O.V : saison 2 - LABORATOIRE OUVERT VILLEURBANNAIS","robots":{"index":"index","follow":"follow","max-snippet":"max-snippet:-1","max-image-preview":"max-image-preview:large","max-video-preview":"max-video-preview:-1"},"canonical":"https:\/\/labovilleurbanne.fr\/blog\/2023\/02\/15\/etabli-l-o-v\/","og_locale":"fr_FR","og_type":"article","og_title":"Etabli L.O.V : saison 2 - LABORATOIRE OUVERT VILLEURBANNAIS","og_description":"En saison 1, le LOV a achet\u00e9 du bois \u00e0 l&rsquo;association villeurbannaise Mineka et a commenc\u00e9 \u00e0 le pr\u00e9parer. Voici la saison 2 qui verra la finalisation de l&rsquo;\u00e9tabli.","og_url":"https:\/\/labovilleurbanne.fr\/blog\/2023\/02\/15\/etabli-l-o-v\/","og_site_name":"LABORATOIRE OUVERT VILLEURBANNAIS","article_publisher":"https:\/\/www.facebook.com\/labolov","article_published_time":"2023-02-14T23:27:37+00:00","article_modified_time":"2023-07-22T22:12:29+00:00","og_image":[{"width":1940,"height":1230,"url":"https:\/\/labovilleurbanne.fr\/blog\/wp-content\/uploads\/2023\/02\/EtabliCroquis009.png","type":"image\/png"}],"author":"Nicolas Rineau","twitter_card":"summary_large_image","twitter_misc":{"\u00c9crit par":"Nicolas Rineau","Dur\u00e9e de lecture estim\u00e9e":"5 minutes"},"schema":{"@context":"https:\/\/schema.org","@graph":[{"@type":["Article","BlogPosting"],"@id":"https:\/\/labovilleurbanne.fr\/blog\/2023\/02\/15\/etabli-l-o-v\/#article","isPartOf":{"@id":"https:\/\/labovilleurbanne.fr\/blog\/2023\/02\/15\/etabli-l-o-v\/"},"author":{"name":"Nicolas Rineau","@id":"https:\/\/labovilleurbanne.fr\/blog\/#\/schema\/person\/c31b3bf795c7195791f43df93c06a250"},"headline":"Etabli L.O.V&nbsp;: saison 2","datePublished":"2023-02-14T23:27:37+00:00","dateModified":"2023-07-22T22:12:29+00:00","mainEntityOfPage":{"@id":"https:\/\/labovilleurbanne.fr\/blog\/2023\/02\/15\/etabli-l-o-v\/"},"wordCount":193,"commentCount":0,"publisher":{"@id":"https:\/\/labovilleurbanne.fr\/blog\/#organization"},"keywords":["cnc","menuiserie"],"articleSection":["local","projet","projet en cours"],"inLanguage":"fr-FR","potentialAction":[{"@type":"CommentAction","name":"Comment","target":["https:\/\/labovilleurbanne.fr\/blog\/2023\/02\/15\/etabli-l-o-v\/#respond"]}]},{"@type":"WebPage","@id":"https:\/\/labovilleurbanne.fr\/blog\/2023\/02\/15\/etabli-l-o-v\/","url":"https:\/\/labovilleurbanne.fr\/blog\/2023\/02\/15\/etabli-l-o-v\/","name":"Etabli L.O.V : saison 2 - LABORATOIRE OUVERT VILLEURBANNAIS","isPartOf":{"@id":"https:\/\/labovilleurbanne.fr\/blog\/#website"},"datePublished":"2023-02-14T23:27:37+00:00","dateModified":"2023-07-22T22:12:29+00:00","breadcrumb":{"@id":"https:\/\/labovilleurbanne.fr\/blog\/2023\/02\/15\/etabli-l-o-v\/#breadcrumb"},"inLanguage":"fr-FR","potentialAction":[{"@type":"ReadAction","target":["https:\/\/labovilleurbanne.fr\/blog\/2023\/02\/15\/etabli-l-o-v\/"]}]},{"@type":"BreadcrumbList","@id":"https:\/\/labovilleurbanne.fr\/blog\/2023\/02\/15\/etabli-l-o-v\/#breadcrumb","itemListElement":[{"@type":"ListItem","position":1,"name":"Accueil","item":"https:\/\/labovilleurbanne.fr\/blog\/"},{"@type":"ListItem","position":2,"name":"Etabli L.O.V&nbsp;: saison 2"}]},{"@type":"WebSite","@id":"https:\/\/labovilleurbanne.fr\/blog\/#website","url":"https:\/\/labovilleurbanne.fr\/blog\/","name":"LABORATOIRE OUVERT VILLEURBANNAIS","description":"","publisher":{"@id":"https:\/\/labovilleurbanne.fr\/blog\/#organization"},"potentialAction":[{"@type":"SearchAction","target":{"@type":"EntryPoint","urlTemplate":"https:\/\/labovilleurbanne.fr\/blog\/?s={search_term_string}"},"query-input":"required name=search_term_string"}],"inLanguage":"fr-FR"},{"@type":"Organization","@id":"https:\/\/labovilleurbanne.fr\/blog\/#organization","name":"LABORATOIRE OUVERT VILLEURBANNAIS","url":"https:\/\/labovilleurbanne.fr\/blog\/","logo":{"@type":"ImageObject","inLanguage":"fr-FR","@id":"https:\/\/labovilleurbanne.fr\/blog\/#\/schema\/logo\/image\/","url":"https:\/\/labovilleurbanne.fr\/blog\/wp-content\/uploads\/2023\/09\/cropped-logo.png","contentUrl":"https:\/\/labovilleurbanne.fr\/blog\/wp-content\/uploads\/2023\/09\/cropped-logo.png","width":240,"height":240,"caption":"LABORATOIRE OUVERT VILLEURBANNAIS"},"image":{"@id":"https:\/\/labovilleurbanne.fr\/blog\/#\/schema\/logo\/image\/"},"sameAs":["https:\/\/www.facebook.com\/labolov","https:\/\/framateam.org\/labolov"]},{"@type":"Person","@id":"https:\/\/labovilleurbanne.fr\/blog\/#\/schema\/person\/c31b3bf795c7195791f43df93c06a250","name":"Nicolas Rineau","image":{"@type":"ImageObject","inLanguage":"fr-FR","@id":"https:\/\/labovilleurbanne.fr\/blog\/#\/schema\/person\/image\/","url":"https:\/\/secure.gravatar.com\/avatar\/aee6f7f17027c91c34936c5e329febbb?s=96&d=monsterid&r=g","contentUrl":"https:\/\/secure.gravatar.com\/avatar\/aee6f7f17027c91c34936c5e329febbb?s=96&d=monsterid&r=g","caption":"Nicolas Rineau"},"url":"https:\/\/labovilleurbanne.fr\/blog\/author\/nicolas_rineau\/"}]}},"_links":{"self":[{"href":"https:\/\/labovilleurbanne.fr\/blog\/wp-json\/wp\/v2\/posts\/533"}],"collection":[{"href":"https:\/\/labovilleurbanne.fr\/blog\/wp-json\/wp\/v2\/posts"}],"about":[{"href":"https:\/\/labovilleurbanne.fr\/blog\/wp-json\/wp\/v2\/types\/post"}],"author":[{"embeddable":true,"href":"https:\/\/labovilleurbanne.fr\/blog\/wp-json\/wp\/v2\/users\/14"}],"replies":[{"embeddable":true,"href":"https:\/\/labovilleurbanne.fr\/blog\/wp-json\/wp\/v2\/comments?post=533"}],"version-history":[{"count":32,"href":"https:\/\/labovilleurbanne.fr\/blog\/wp-json\/wp\/v2\/posts\/533\/revisions"}],"predecessor-version":[{"id":2659,"href":"https:\/\/labovilleurbanne.fr\/blog\/wp-json\/wp\/v2\/posts\/533\/revisions\/2659"}],"wp:featuredmedia":[{"embeddable":true,"href":"https:\/\/labovilleurbanne.fr\/blog\/wp-json\/wp\/v2\/media\/545"}],"wp:attachment":[{"href":"https:\/\/labovilleurbanne.fr\/blog\/wp-json\/wp\/v2\/media?parent=533"}],"wp:term":[{"taxonomy":"category","embeddable":true,"href":"https:\/\/labovilleurbanne.fr\/blog\/wp-json\/wp\/v2\/categories?post=533"},{"taxonomy":"post_tag","embeddable":true,"href":"https:\/\/labovilleurbanne.fr\/blog\/wp-json\/wp\/v2\/tags?post=533"}],"curies":[{"name":"wp","href":"https:\/\/api.w.org\/{rel}","templated":true}]}}