{"id":452,"date":"2019-09-15T16:33:05","date_gmt":"2019-09-15T14:33:05","guid":{"rendered":"https:\/\/labovilleurbanne.fr\/blog\/?p=452"},"modified":"2023-06-10T18:22:57","modified_gmt":"2023-06-10T16:22:57","slug":"atelier-le-28-09-2019-mais-comment-fonctionne-une-imprimante-laser","status":"publish","type":"post","link":"https:\/\/labovilleurbanne.fr\/blog\/2019\/09\/15\/atelier-le-28-09-2019-mais-comment-fonctionne-une-imprimante-laser\/","title":{"rendered":"Atelier&nbsp;: mais comment fonctionne une imprimante laser\u00a0???"},"content":{"rendered":"\n<p> Nous reprenons notre s\u00e9rie d\u2019ateliers \u00e0 destination des jeunes et des moins jeunes (ou des vieux et moins vieux selon les go\u00fbts). Venez d\u00e9couvrir le fablab autour d\u2019activit\u00e9s ludiques. Ce mois-ci, nous proposons de nous pencher sur les entrailles d\u2019un objet devenu anodin&nbsp;: une imprimante laser.<\/p>\n\n\n\n<figure class=\"wp-block-image\"><img decoding=\"async\" loading=\"lazy\" width=\"585\" height=\"440\" src=\"https:\/\/labovilleurbanne.fr\/blog\/wp-content\/uploads\/2019\/09\/image_imprimante.jpeg\" alt=\"\" class=\"wp-image-453\"\/><\/figure>\n\n\n\n<p>\n\nLors\nde cet atelier, nous d\u00e9sosserons ensemble une imprimante.  Apr\u00e8s\navoir mieux compris ce qui est dedans, nous aurons deux options\ndevant nous&nbsp;: r\u00e9ussir \u00e0 la r\u00e9parer ou alors nous amuser (lors\nd\u2019ateliers suivants) avec les \u00e9l\u00e9ments r\u00e9cup\u00e9r\u00e9s (moteurs,\nengrenages, t\u00eate laser&#8230;)<\/p>\n\n\n\n<!--more-->\n\n\n\n<p>\nLes explications seront\nadapt\u00e9es au niveau de chaque participant et l\u2019atelier avancera au\nrythme des participants, puisque ce sont eux qui tiendront le\ntournevis&nbsp;!<\/p>\n\n\n\n<p><strong>Informations\npratiques:<\/strong><\/p>\n\n\n\n<ul>\n<li>\n\tlieu&nbsp;: 21 place des Maisons\n\tNeuves, Villeurbanne\n\t<\/li>\n\n\n\n<li>\n\tdate&nbsp;: 28\/09\/2019 de 14h15 \u00e0\n\t16h15\n\t<\/li>\n\n\n\n<li>public\n\tcible&nbsp;: curieux\n\tde 11 ans et\n\tplus (en dessous, nous contacter et on se rencontre avant)\n\tint\u00e9ress\u00e9s\n\tpar le bricolage, l\u2019informatique\n\tou\n\tjuste curieux de comprendre les choses autour d\u2019eux\n\t<\/li>\n\n\n\n<li>accompagnateurs\n\t: il est n\u00e9cessaire\n\tque les mineurs\n\tsoient accompagn\u00e9s tout\n\tau long de l\u2019atelier par\n\tleur responsable l\u00e9gal\n\t<\/li>\n\n\n\n<li>\n\ttarif&nbsp;: la participation \u00e0\n\tl\u2019atelier est gratuite\n\t<\/li>\n\n\n\n<li>\n\tmat\u00e9riel&nbsp;: le LOV met \u00e0\n\tdisposition le mat\u00e9riel n\u00e9cessaire\n\t<\/li>\n\n\n\n<li>\n\tr\u00e9servation&nbsp;: envoyer un\n\te-mail \u00e0 bureau@labovilleurbanne.fr afin de r\u00e9server votre\n\tparticipation en pr\u00e9cisant le nombre, l\u2019\u00e2ge des participants et\n\tdes accompagnateurs (places limit\u00e9es)\n<\/li>\n<\/ul>\n\n\n\n<p> <em><br> <\/em><br><\/p>\n\n\n\n<p><br><\/p>","protected":false},"excerpt":{"rendered":"<p>Nous reprenons notre s\u00e9rie d\u2019ateliers \u00e0 destination des jeunes et des moins jeunes (ou des vieux et moins vieux selon les go\u00fbts). Venez d\u00e9couvrir le fablab autour d\u2019activit\u00e9s ludiques. Ce mois-ci, nous proposons de nous pencher sur les entrailles d\u2019un objet devenu anodin&nbsp;: une imprimante laser. Lors de cet atelier, nous d\u00e9sosserons ensemble une imprimante. &hellip; <a href=\"https:\/\/labovilleurbanne.fr\/blog\/2019\/09\/15\/atelier-le-28-09-2019-mais-comment-fonctionne-une-imprimante-laser\/\" class=\"more-link\">Continuer la lecture<span class=\"screen-reader-text\"> de &laquo;&nbsp;Atelier&nbsp;: mais comment fonctionne une imprimante laser\u00a0???&nbsp;&raquo;<\/span><\/a><\/p>","protected":false},"author":4,"featured_media":454,"comment_status":"open","ping_status":"open","sticky":false,"template":"","format":"standard","meta":[],"categories":[20,37],"tags":[74],"yoast_head":"<!-- This site is optimized with the Yoast SEO plugin v21.1 - https:\/\/yoast.com\/wordpress\/plugins\/seo\/ -->\n<title>Atelier : mais comment fonctionne une imprimante laser\u00a0??? - LABORATOIRE OUVERT VILLEURBANNAIS<\/title>\n<meta name=\"robots\" content=\"index, follow, max-snippet:-1, max-image-preview:large, max-video-preview:-1\" \/>\n<link rel=\"canonical\" href=\"https:\/\/labovilleurbanne.fr\/blog\/2019\/09\/15\/atelier-le-28-09-2019-mais-comment-fonctionne-une-imprimante-laser\/\" \/>\n<meta property=\"og:locale\" content=\"fr_FR\" \/>\n<meta property=\"og:type\" content=\"article\" \/>\n<meta property=\"og:title\" content=\"Atelier : mais comment fonctionne une imprimante laser\u00a0??? - LABORATOIRE OUVERT VILLEURBANNAIS\" \/>\n<meta property=\"og:description\" content=\"Nous reprenons notre s\u00e9rie d\u2019ateliers \u00e0 destination des jeunes et des moins jeunes (ou des vieux et moins vieux selon les go\u00fbts). Venez d\u00e9couvrir le fablab autour d\u2019activit\u00e9s ludiques. Ce mois-ci, nous proposons de nous pencher sur les entrailles d\u2019un objet devenu anodin&nbsp;: une imprimante laser. Lors de cet atelier, nous d\u00e9sosserons ensemble une imprimante. &hellip; Continuer la lecture de &laquo;&nbsp;Atelier&nbsp;: mais comment fonctionne une imprimante laser\u00a0???&nbsp;&raquo;\" \/>\n<meta property=\"og:url\" content=\"https:\/\/labovilleurbanne.fr\/blog\/2019\/09\/15\/atelier-le-28-09-2019-mais-comment-fonctionne-une-imprimante-laser\/\" \/>\n<meta property=\"og:site_name\" content=\"LABORATOIRE OUVERT VILLEURBANNAIS\" \/>\n<meta property=\"article:publisher\" content=\"https:\/\/www.facebook.com\/labolov\" \/>\n<meta property=\"article:published_time\" content=\"2019-09-15T14:33:05+00:00\" \/>\n<meta property=\"article:modified_time\" content=\"2023-06-10T16:22:57+00:00\" \/>\n<meta property=\"og:image\" content=\"https:\/\/labovilleurbanne.fr\/blog\/wp-content\/uploads\/2019\/09\/1024px-Laser_print_head_crop.jpg\" \/>\n\t<meta property=\"og:image:width\" content=\"981\" \/>\n\t<meta property=\"og:image:height\" content=\"554\" \/>\n\t<meta property=\"og:image:type\" content=\"image\/jpeg\" \/>\n<meta name=\"author\" content=\"Sylvain Hermelin\" \/>\n<meta name=\"twitter:card\" content=\"summary_large_image\" \/>\n<meta name=\"twitter:label1\" content=\"\u00c9crit par\" \/>\n\t<meta name=\"twitter:data1\" content=\"Sylvain Hermelin\" \/>\n\t<meta name=\"twitter:label2\" content=\"Dur\u00e9e de lecture estim\u00e9e\" \/>\n\t<meta name=\"twitter:data2\" content=\"1 minute\" \/>\n<script type=\"application\/ld+json\" class=\"yoast-schema-graph\">{\"@context\":\"https:\/\/schema.org\",\"@graph\":[{\"@type\":[\"Article\",\"BlogPosting\"],\"@id\":\"https:\/\/labovilleurbanne.fr\/blog\/2019\/09\/15\/atelier-le-28-09-2019-mais-comment-fonctionne-une-imprimante-laser\/#article\",\"isPartOf\":{\"@id\":\"https:\/\/labovilleurbanne.fr\/blog\/2019\/09\/15\/atelier-le-28-09-2019-mais-comment-fonctionne-une-imprimante-laser\/\"},\"author\":{\"name\":\"Sylvain Hermelin\",\"@id\":\"https:\/\/labovilleurbanne.fr\/blog\/#\/schema\/person\/8c567a66d1e1492c34c3d4d87b519208\"},\"headline\":\"Atelier&nbsp;: mais comment fonctionne une imprimante laser\u00a0???\",\"datePublished\":\"2019-09-15T14:33:05+00:00\",\"dateModified\":\"2023-06-10T16:22:57+00:00\",\"mainEntityOfPage\":{\"@id\":\"https:\/\/labovilleurbanne.fr\/blog\/2019\/09\/15\/atelier-le-28-09-2019-mais-comment-fonctionne-une-imprimante-laser\/\"},\"wordCount\":254,\"commentCount\":0,\"publisher\":{\"@id\":\"https:\/\/labovilleurbanne.fr\/blog\/#organization\"},\"keywords\":[\"informatique\"],\"articleSection\":[\"atelier\",\"\u00e9v\u00e8nement\"],\"inLanguage\":\"fr-FR\",\"potentialAction\":[{\"@type\":\"CommentAction\",\"name\":\"Comment\",\"target\":[\"https:\/\/labovilleurbanne.fr\/blog\/2019\/09\/15\/atelier-le-28-09-2019-mais-comment-fonctionne-une-imprimante-laser\/#respond\"]}]},{\"@type\":\"WebPage\",\"@id\":\"https:\/\/labovilleurbanne.fr\/blog\/2019\/09\/15\/atelier-le-28-09-2019-mais-comment-fonctionne-une-imprimante-laser\/\",\"url\":\"https:\/\/labovilleurbanne.fr\/blog\/2019\/09\/15\/atelier-le-28-09-2019-mais-comment-fonctionne-une-imprimante-laser\/\",\"name\":\"Atelier : mais comment fonctionne une imprimante laser\u00a0??? - LABORATOIRE OUVERT VILLEURBANNAIS\",\"isPartOf\":{\"@id\":\"https:\/\/labovilleurbanne.fr\/blog\/#website\"},\"datePublished\":\"2019-09-15T14:33:05+00:00\",\"dateModified\":\"2023-06-10T16:22:57+00:00\",\"breadcrumb\":{\"@id\":\"https:\/\/labovilleurbanne.fr\/blog\/2019\/09\/15\/atelier-le-28-09-2019-mais-comment-fonctionne-une-imprimante-laser\/#breadcrumb\"},\"inLanguage\":\"fr-FR\",\"potentialAction\":[{\"@type\":\"ReadAction\",\"target\":[\"https:\/\/labovilleurbanne.fr\/blog\/2019\/09\/15\/atelier-le-28-09-2019-mais-comment-fonctionne-une-imprimante-laser\/\"]}]},{\"@type\":\"BreadcrumbList\",\"@id\":\"https:\/\/labovilleurbanne.fr\/blog\/2019\/09\/15\/atelier-le-28-09-2019-mais-comment-fonctionne-une-imprimante-laser\/#breadcrumb\",\"itemListElement\":[{\"@type\":\"ListItem\",\"position\":1,\"name\":\"Accueil\",\"item\":\"https:\/\/labovilleurbanne.fr\/blog\/\"},{\"@type\":\"ListItem\",\"position\":2,\"name\":\"Atelier&nbsp;: mais comment fonctionne une imprimante laser\u00a0???\"}]},{\"@type\":\"WebSite\",\"@id\":\"https:\/\/labovilleurbanne.fr\/blog\/#website\",\"url\":\"https:\/\/labovilleurbanne.fr\/blog\/\",\"name\":\"LABORATOIRE OUVERT VILLEURBANNAIS\",\"description\":\"\",\"publisher\":{\"@id\":\"https:\/\/labovilleurbanne.fr\/blog\/#organization\"},\"potentialAction\":[{\"@type\":\"SearchAction\",\"target\":{\"@type\":\"EntryPoint\",\"urlTemplate\":\"https:\/\/labovilleurbanne.fr\/blog\/?s={search_term_string}\"},\"query-input\":\"required name=search_term_string\"}],\"inLanguage\":\"fr-FR\"},{\"@type\":\"Organization\",\"@id\":\"https:\/\/labovilleurbanne.fr\/blog\/#organization\",\"name\":\"LABORATOIRE OUVERT VILLEURBANNAIS\",\"url\":\"https:\/\/labovilleurbanne.fr\/blog\/\",\"logo\":{\"@type\":\"ImageObject\",\"inLanguage\":\"fr-FR\",\"@id\":\"https:\/\/labovilleurbanne.fr\/blog\/#\/schema\/logo\/image\/\",\"url\":\"https:\/\/labovilleurbanne.fr\/blog\/wp-content\/uploads\/2023\/09\/cropped-logo.png\",\"contentUrl\":\"https:\/\/labovilleurbanne.fr\/blog\/wp-content\/uploads\/2023\/09\/cropped-logo.png\",\"width\":240,\"height\":240,\"caption\":\"LABORATOIRE OUVERT VILLEURBANNAIS\"},\"image\":{\"@id\":\"https:\/\/labovilleurbanne.fr\/blog\/#\/schema\/logo\/image\/\"},\"sameAs\":[\"https:\/\/www.facebook.com\/labolov\",\"https:\/\/framateam.org\/labolov\"]},{\"@type\":\"Person\",\"@id\":\"https:\/\/labovilleurbanne.fr\/blog\/#\/schema\/person\/8c567a66d1e1492c34c3d4d87b519208\",\"name\":\"Sylvain Hermelin\",\"image\":{\"@type\":\"ImageObject\",\"inLanguage\":\"fr-FR\",\"@id\":\"https:\/\/labovilleurbanne.fr\/blog\/#\/schema\/person\/image\/\",\"url\":\"https:\/\/secure.gravatar.com\/avatar\/f3c51f9c3f6868604414d7e42633ed9f?s=96&d=monsterid&r=g\",\"contentUrl\":\"https:\/\/secure.gravatar.com\/avatar\/f3c51f9c3f6868604414d7e42633ed9f?s=96&d=monsterid&r=g\",\"caption\":\"Sylvain Hermelin\"},\"url\":\"https:\/\/labovilleurbanne.fr\/blog\/author\/sylvain-hermelin\/\"}]}<\/script>\n<!-- \/ Yoast SEO plugin. -->","yoast_head_json":{"title":"Atelier : mais comment fonctionne une imprimante laser\u00a0??? - LABORATOIRE OUVERT VILLEURBANNAIS","robots":{"index":"index","follow":"follow","max-snippet":"max-snippet:-1","max-image-preview":"max-image-preview:large","max-video-preview":"max-video-preview:-1"},"canonical":"https:\/\/labovilleurbanne.fr\/blog\/2019\/09\/15\/atelier-le-28-09-2019-mais-comment-fonctionne-une-imprimante-laser\/","og_locale":"fr_FR","og_type":"article","og_title":"Atelier : mais comment fonctionne une imprimante laser\u00a0??? - LABORATOIRE OUVERT VILLEURBANNAIS","og_description":"Nous reprenons notre s\u00e9rie d\u2019ateliers \u00e0 destination des jeunes et des moins jeunes (ou des vieux et moins vieux selon les go\u00fbts). Venez d\u00e9couvrir le fablab autour d\u2019activit\u00e9s ludiques. Ce mois-ci, nous proposons de nous pencher sur les entrailles d\u2019un objet devenu anodin&nbsp;: une imprimante laser. Lors de cet atelier, nous d\u00e9sosserons ensemble une imprimante. &hellip; Continuer la lecture de &laquo;&nbsp;Atelier&nbsp;: mais comment fonctionne une imprimante laser\u00a0???&nbsp;&raquo;","og_url":"https:\/\/labovilleurbanne.fr\/blog\/2019\/09\/15\/atelier-le-28-09-2019-mais-comment-fonctionne-une-imprimante-laser\/","og_site_name":"LABORATOIRE OUVERT VILLEURBANNAIS","article_publisher":"https:\/\/www.facebook.com\/labolov","article_published_time":"2019-09-15T14:33:05+00:00","article_modified_time":"2023-06-10T16:22:57+00:00","og_image":[{"width":981,"height":554,"url":"https:\/\/labovilleurbanne.fr\/blog\/wp-content\/uploads\/2019\/09\/1024px-Laser_print_head_crop.jpg","type":"image\/jpeg"}],"author":"Sylvain Hermelin","twitter_card":"summary_large_image","twitter_misc":{"\u00c9crit par":"Sylvain Hermelin","Dur\u00e9e de lecture estim\u00e9e":"1 minute"},"schema":{"@context":"https:\/\/schema.org","@graph":[{"@type":["Article","BlogPosting"],"@id":"https:\/\/labovilleurbanne.fr\/blog\/2019\/09\/15\/atelier-le-28-09-2019-mais-comment-fonctionne-une-imprimante-laser\/#article","isPartOf":{"@id":"https:\/\/labovilleurbanne.fr\/blog\/2019\/09\/15\/atelier-le-28-09-2019-mais-comment-fonctionne-une-imprimante-laser\/"},"author":{"name":"Sylvain Hermelin","@id":"https:\/\/labovilleurbanne.fr\/blog\/#\/schema\/person\/8c567a66d1e1492c34c3d4d87b519208"},"headline":"Atelier&nbsp;: mais comment fonctionne une imprimante laser\u00a0???","datePublished":"2019-09-15T14:33:05+00:00","dateModified":"2023-06-10T16:22:57+00:00","mainEntityOfPage":{"@id":"https:\/\/labovilleurbanne.fr\/blog\/2019\/09\/15\/atelier-le-28-09-2019-mais-comment-fonctionne-une-imprimante-laser\/"},"wordCount":254,"commentCount":0,"publisher":{"@id":"https:\/\/labovilleurbanne.fr\/blog\/#organization"},"keywords":["informatique"],"articleSection":["atelier","\u00e9v\u00e8nement"],"inLanguage":"fr-FR","potentialAction":[{"@type":"CommentAction","name":"Comment","target":["https:\/\/labovilleurbanne.fr\/blog\/2019\/09\/15\/atelier-le-28-09-2019-mais-comment-fonctionne-une-imprimante-laser\/#respond"]}]},{"@type":"WebPage","@id":"https:\/\/labovilleurbanne.fr\/blog\/2019\/09\/15\/atelier-le-28-09-2019-mais-comment-fonctionne-une-imprimante-laser\/","url":"https:\/\/labovilleurbanne.fr\/blog\/2019\/09\/15\/atelier-le-28-09-2019-mais-comment-fonctionne-une-imprimante-laser\/","name":"Atelier : mais comment fonctionne une imprimante laser\u00a0??? - LABORATOIRE OUVERT VILLEURBANNAIS","isPartOf":{"@id":"https:\/\/labovilleurbanne.fr\/blog\/#website"},"datePublished":"2019-09-15T14:33:05+00:00","dateModified":"2023-06-10T16:22:57+00:00","breadcrumb":{"@id":"https:\/\/labovilleurbanne.fr\/blog\/2019\/09\/15\/atelier-le-28-09-2019-mais-comment-fonctionne-une-imprimante-laser\/#breadcrumb"},"inLanguage":"fr-FR","potentialAction":[{"@type":"ReadAction","target":["https:\/\/labovilleurbanne.fr\/blog\/2019\/09\/15\/atelier-le-28-09-2019-mais-comment-fonctionne-une-imprimante-laser\/"]}]},{"@type":"BreadcrumbList","@id":"https:\/\/labovilleurbanne.fr\/blog\/2019\/09\/15\/atelier-le-28-09-2019-mais-comment-fonctionne-une-imprimante-laser\/#breadcrumb","itemListElement":[{"@type":"ListItem","position":1,"name":"Accueil","item":"https:\/\/labovilleurbanne.fr\/blog\/"},{"@type":"ListItem","position":2,"name":"Atelier&nbsp;: mais comment fonctionne une imprimante laser\u00a0???"}]},{"@type":"WebSite","@id":"https:\/\/labovilleurbanne.fr\/blog\/#website","url":"https:\/\/labovilleurbanne.fr\/blog\/","name":"LABORATOIRE OUVERT VILLEURBANNAIS","description":"","publisher":{"@id":"https:\/\/labovilleurbanne.fr\/blog\/#organization"},"potentialAction":[{"@type":"SearchAction","target":{"@type":"EntryPoint","urlTemplate":"https:\/\/labovilleurbanne.fr\/blog\/?s={search_term_string}"},"query-input":"required name=search_term_string"}],"inLanguage":"fr-FR"},{"@type":"Organization","@id":"https:\/\/labovilleurbanne.fr\/blog\/#organization","name":"LABORATOIRE OUVERT VILLEURBANNAIS","url":"https:\/\/labovilleurbanne.fr\/blog\/","logo":{"@type":"ImageObject","inLanguage":"fr-FR","@id":"https:\/\/labovilleurbanne.fr\/blog\/#\/schema\/logo\/image\/","url":"https:\/\/labovilleurbanne.fr\/blog\/wp-content\/uploads\/2023\/09\/cropped-logo.png","contentUrl":"https:\/\/labovilleurbanne.fr\/blog\/wp-content\/uploads\/2023\/09\/cropped-logo.png","width":240,"height":240,"caption":"LABORATOIRE OUVERT VILLEURBANNAIS"},"image":{"@id":"https:\/\/labovilleurbanne.fr\/blog\/#\/schema\/logo\/image\/"},"sameAs":["https:\/\/www.facebook.com\/labolov","https:\/\/framateam.org\/labolov"]},{"@type":"Person","@id":"https:\/\/labovilleurbanne.fr\/blog\/#\/schema\/person\/8c567a66d1e1492c34c3d4d87b519208","name":"Sylvain Hermelin","image":{"@type":"ImageObject","inLanguage":"fr-FR","@id":"https:\/\/labovilleurbanne.fr\/blog\/#\/schema\/person\/image\/","url":"https:\/\/secure.gravatar.com\/avatar\/f3c51f9c3f6868604414d7e42633ed9f?s=96&d=monsterid&r=g","contentUrl":"https:\/\/secure.gravatar.com\/avatar\/f3c51f9c3f6868604414d7e42633ed9f?s=96&d=monsterid&r=g","caption":"Sylvain Hermelin"},"url":"https:\/\/labovilleurbanne.fr\/blog\/author\/sylvain-hermelin\/"}]}},"_links":{"self":[{"href":"https:\/\/labovilleurbanne.fr\/blog\/wp-json\/wp\/v2\/posts\/452"}],"collection":[{"href":"https:\/\/labovilleurbanne.fr\/blog\/wp-json\/wp\/v2\/posts"}],"about":[{"href":"https:\/\/labovilleurbanne.fr\/blog\/wp-json\/wp\/v2\/types\/post"}],"author":[{"embeddable":true,"href":"https:\/\/labovilleurbanne.fr\/blog\/wp-json\/wp\/v2\/users\/4"}],"replies":[{"embeddable":true,"href":"https:\/\/labovilleurbanne.fr\/blog\/wp-json\/wp\/v2\/comments?post=452"}],"version-history":[{"count":6,"href":"https:\/\/labovilleurbanne.fr\/blog\/wp-json\/wp\/v2\/posts\/452\/revisions"}],"predecessor-version":[{"id":1027,"href":"https:\/\/labovilleurbanne.fr\/blog\/wp-json\/wp\/v2\/posts\/452\/revisions\/1027"}],"wp:featuredmedia":[{"embeddable":true,"href":"https:\/\/labovilleurbanne.fr\/blog\/wp-json\/wp\/v2\/media\/454"}],"wp:attachment":[{"href":"https:\/\/labovilleurbanne.fr\/blog\/wp-json\/wp\/v2\/media?parent=452"}],"wp:term":[{"taxonomy":"category","embeddable":true,"href":"https:\/\/labovilleurbanne.fr\/blog\/wp-json\/wp\/v2\/categories?post=452"},{"taxonomy":"post_tag","embeddable":true,"href":"https:\/\/labovilleurbanne.fr\/blog\/wp-json\/wp\/v2\/tags?post=452"}],"curies":[{"name":"wp","href":"https:\/\/api.w.org\/{rel}","templated":true}]}}