{"id":2756,"date":"2023-09-14T14:32:23","date_gmt":"2023-09-14T12:32:23","guid":{"rendered":"https:\/\/labovilleurbanne.fr\/blog\/?p=2756"},"modified":"2023-09-14T23:47:44","modified_gmt":"2023-09-14T21:47:44","slug":"portes-ouvertes-le-samedi-30-septembre-le-lov-fait-sa-rentree","status":"publish","type":"post","link":"https:\/\/labovilleurbanne.fr\/blog\/2023\/09\/14\/portes-ouvertes-le-samedi-30-septembre-le-lov-fait-sa-rentree\/","title":{"rendered":"Portes ouvertes le samedi 30 septembre&nbsp;: le LOV fait sa rentr\u00e9e"},"content":{"rendered":"\n<h2>12h00-18h00<\/h2>\n\n\n\n<p>Le LOV organise une journ\u00e9e portes ouvertes le samedi 30 septembre, ouverte aux adh\u00e9rents et \u00e0 toute personne qui souhaite d\u00e9couvrir l&rsquo;association.<\/p>\n\n\n\n<div style=\"height:50px\" aria-hidden=\"true\" class=\"wp-block-spacer\"><\/div>\n\n\n\n<div class=\"is-layout-constrained wp-block-group has-white-background-color has-background\"><div class=\"wp-block-group__inner-container\">\n<h3><br>Au menu&nbsp;: <\/h3>\n\n\n\n<ul>\n<li>Repas-barbecue tir\u00e9 du sac. Amenez ce que vous avez envie de partager&nbsp;: mets, boissons, etc.. Le barbecue permettra de griller des choses sur place si on veut.<\/li>\n\n\n\n<li>Un petit tour du LOV&nbsp;: activit\u00e9s, machines, am\u00e9nagements r\u00e9alis\u00e9s pendant l&rsquo;\u00e9t\u00e9, etc. Ce sera aussi l&rsquo;occasion de discuter ensemble des projets et activit\u00e9s en cours, du trimestre qui s&rsquo;annonce.<\/li>\n\n\n\n<li>On poursuit l&rsquo;am\u00e9nagement du local ensemble pour le rendre encore plus agr\u00e9able.<\/li>\n<\/ul>\n<\/div><\/div>\n\n\n\n<div style=\"height:60px\" aria-hidden=\"true\" class=\"wp-block-spacer\"><\/div>\n\n\n\n<figure class=\"wp-block-image size-large\"><a href=\"https:\/\/labovilleurbanne.fr\/blog\/wp-content\/uploads\/2023\/09\/Flyer-LOV.png\" target=\"_blank\" rel=\"noreferrer noopener\" data-rel=\"lightbox-image-0\" data-rl_title=\"\" data-rl_caption=\"\" title=\"\"><img decoding=\"async\" loading=\"lazy\" width=\"797\" height=\"1024\" src=\"https:\/\/labovilleurbanne.fr\/blog\/wp-content\/uploads\/2023\/09\/Flyer-LOV-797x1024.png\" alt=\"\" class=\"wp-image-2759\" srcset=\"https:\/\/labovilleurbanne.fr\/blog\/wp-content\/uploads\/2023\/09\/Flyer-LOV-797x1024.png 797w, https:\/\/labovilleurbanne.fr\/blog\/wp-content\/uploads\/2023\/09\/Flyer-LOV-545x700.png 545w, https:\/\/labovilleurbanne.fr\/blog\/wp-content\/uploads\/2023\/09\/Flyer-LOV-768x987.png 768w, https:\/\/labovilleurbanne.fr\/blog\/wp-content\/uploads\/2023\/09\/Flyer-LOV-1195x1536.png 1195w, https:\/\/labovilleurbanne.fr\/blog\/wp-content\/uploads\/2023\/09\/Flyer-LOV-1200x1542.png 1200w, https:\/\/labovilleurbanne.fr\/blog\/wp-content\/uploads\/2023\/09\/Flyer-LOV.png 1556w\" sizes=\"(max-width: 709px) 85vw, (max-width: 909px) 67vw, (max-width: 984px) 61vw, (max-width: 1362px) 45vw, 600px\" \/><\/a><\/figure>","protected":false},"excerpt":{"rendered":"<p>12h00-18h00 Le LOV organise une journ\u00e9e portes ouvertes le samedi 30 septembre, ouverte aux adh\u00e9rents et \u00e0 toute personne qui souhaite d\u00e9couvrir l&rsquo;association. Au menu&nbsp;:<\/p>","protected":false},"author":13,"featured_media":2777,"comment_status":"closed","ping_status":"open","sticky":false,"template":"","format":"standard","meta":[],"categories":[9,37],"tags":[],"yoast_head":"<!-- This site is optimized with the Yoast SEO plugin v21.1 - https:\/\/yoast.com\/wordpress\/plugins\/seo\/ -->\n<title>Portes ouvertes le samedi 30 septembre : le LOV fait sa rentr\u00e9e - LABORATOIRE OUVERT VILLEURBANNAIS<\/title>\n<meta name=\"robots\" content=\"index, follow, max-snippet:-1, max-image-preview:large, max-video-preview:-1\" \/>\n<link rel=\"canonical\" href=\"https:\/\/labovilleurbanne.fr\/blog\/2023\/09\/14\/portes-ouvertes-le-samedi-30-septembre-le-lov-fait-sa-rentree\/\" \/>\n<meta property=\"og:locale\" content=\"fr_FR\" \/>\n<meta property=\"og:type\" content=\"article\" \/>\n<meta property=\"og:title\" content=\"Portes ouvertes le samedi 30 septembre : le LOV fait sa rentr\u00e9e - LABORATOIRE OUVERT VILLEURBANNAIS\" \/>\n<meta property=\"og:description\" content=\"12h00-18h00 Le LOV organise une journ\u00e9e portes ouvertes le samedi 30 septembre, ouverte aux adh\u00e9rents et \u00e0 toute personne qui souhaite d\u00e9couvrir l&rsquo;association. Au menu&nbsp;:\" \/>\n<meta property=\"og:url\" content=\"https:\/\/labovilleurbanne.fr\/blog\/2023\/09\/14\/portes-ouvertes-le-samedi-30-septembre-le-lov-fait-sa-rentree\/\" \/>\n<meta property=\"og:site_name\" content=\"LABORATOIRE OUVERT VILLEURBANNAIS\" \/>\n<meta property=\"article:publisher\" content=\"https:\/\/www.facebook.com\/labolov\" \/>\n<meta property=\"article:published_time\" content=\"2023-09-14T12:32:23+00:00\" \/>\n<meta property=\"article:modified_time\" content=\"2023-09-14T21:47:44+00:00\" \/>\n<meta property=\"og:image\" content=\"https:\/\/labovilleurbanne.fr\/blog\/wp-content\/uploads\/2023\/09\/Picnic_c.1930_by_Sam_Hood_38915241334-1.png\" \/>\n\t<meta property=\"og:image:width\" content=\"1203\" \/>\n\t<meta property=\"og:image:height\" content=\"765\" \/>\n\t<meta property=\"og:image:type\" content=\"image\/png\" \/>\n<meta name=\"author\" content=\"citrouilleorange\" \/>\n<meta name=\"twitter:card\" content=\"summary_large_image\" \/>\n<meta name=\"twitter:label1\" content=\"\u00c9crit par\" \/>\n\t<meta name=\"twitter:data1\" content=\"citrouilleorange\" \/>\n\t<meta name=\"twitter:label2\" content=\"Dur\u00e9e de lecture estim\u00e9e\" \/>\n\t<meta name=\"twitter:data2\" content=\"1 minute\" \/>\n<script type=\"application\/ld+json\" class=\"yoast-schema-graph\">{\"@context\":\"https:\/\/schema.org\",\"@graph\":[{\"@type\":[\"Article\",\"BlogPosting\"],\"@id\":\"https:\/\/labovilleurbanne.fr\/blog\/2023\/09\/14\/portes-ouvertes-le-samedi-30-septembre-le-lov-fait-sa-rentree\/#article\",\"isPartOf\":{\"@id\":\"https:\/\/labovilleurbanne.fr\/blog\/2023\/09\/14\/portes-ouvertes-le-samedi-30-septembre-le-lov-fait-sa-rentree\/\"},\"author\":{\"name\":\"citrouilleorange\",\"@id\":\"https:\/\/labovilleurbanne.fr\/blog\/#\/schema\/person\/563152cd9bb2d6c231c3321e62c7a194\"},\"headline\":\"Portes ouvertes le samedi 30 septembre&nbsp;: le LOV fait sa rentr\u00e9e\",\"datePublished\":\"2023-09-14T12:32:23+00:00\",\"dateModified\":\"2023-09-14T21:47:44+00:00\",\"mainEntityOfPage\":{\"@id\":\"https:\/\/labovilleurbanne.fr\/blog\/2023\/09\/14\/portes-ouvertes-le-samedi-30-septembre-le-lov-fait-sa-rentree\/\"},\"wordCount\":119,\"publisher\":{\"@id\":\"https:\/\/labovilleurbanne.fr\/blog\/#organization\"},\"articleSection\":[\"communication\",\"\u00e9v\u00e8nement\"],\"inLanguage\":\"fr-FR\"},{\"@type\":\"WebPage\",\"@id\":\"https:\/\/labovilleurbanne.fr\/blog\/2023\/09\/14\/portes-ouvertes-le-samedi-30-septembre-le-lov-fait-sa-rentree\/\",\"url\":\"https:\/\/labovilleurbanne.fr\/blog\/2023\/09\/14\/portes-ouvertes-le-samedi-30-septembre-le-lov-fait-sa-rentree\/\",\"name\":\"Portes ouvertes le samedi 30 septembre : le LOV fait sa rentr\u00e9e - LABORATOIRE OUVERT VILLEURBANNAIS\",\"isPartOf\":{\"@id\":\"https:\/\/labovilleurbanne.fr\/blog\/#website\"},\"datePublished\":\"2023-09-14T12:32:23+00:00\",\"dateModified\":\"2023-09-14T21:47:44+00:00\",\"breadcrumb\":{\"@id\":\"https:\/\/labovilleurbanne.fr\/blog\/2023\/09\/14\/portes-ouvertes-le-samedi-30-septembre-le-lov-fait-sa-rentree\/#breadcrumb\"},\"inLanguage\":\"fr-FR\",\"potentialAction\":[{\"@type\":\"ReadAction\",\"target\":[\"https:\/\/labovilleurbanne.fr\/blog\/2023\/09\/14\/portes-ouvertes-le-samedi-30-septembre-le-lov-fait-sa-rentree\/\"]}]},{\"@type\":\"BreadcrumbList\",\"@id\":\"https:\/\/labovilleurbanne.fr\/blog\/2023\/09\/14\/portes-ouvertes-le-samedi-30-septembre-le-lov-fait-sa-rentree\/#breadcrumb\",\"itemListElement\":[{\"@type\":\"ListItem\",\"position\":1,\"name\":\"Accueil\",\"item\":\"https:\/\/labovilleurbanne.fr\/blog\/\"},{\"@type\":\"ListItem\",\"position\":2,\"name\":\"Portes ouvertes le samedi 30 septembre&nbsp;: le LOV fait sa rentr\u00e9e\"}]},{\"@type\":\"WebSite\",\"@id\":\"https:\/\/labovilleurbanne.fr\/blog\/#website\",\"url\":\"https:\/\/labovilleurbanne.fr\/blog\/\",\"name\":\"LABORATOIRE OUVERT VILLEURBANNAIS\",\"description\":\"\",\"publisher\":{\"@id\":\"https:\/\/labovilleurbanne.fr\/blog\/#organization\"},\"potentialAction\":[{\"@type\":\"SearchAction\",\"target\":{\"@type\":\"EntryPoint\",\"urlTemplate\":\"https:\/\/labovilleurbanne.fr\/blog\/?s={search_term_string}\"},\"query-input\":\"required name=search_term_string\"}],\"inLanguage\":\"fr-FR\"},{\"@type\":\"Organization\",\"@id\":\"https:\/\/labovilleurbanne.fr\/blog\/#organization\",\"name\":\"LABORATOIRE OUVERT VILLEURBANNAIS\",\"url\":\"https:\/\/labovilleurbanne.fr\/blog\/\",\"logo\":{\"@type\":\"ImageObject\",\"inLanguage\":\"fr-FR\",\"@id\":\"https:\/\/labovilleurbanne.fr\/blog\/#\/schema\/logo\/image\/\",\"url\":\"https:\/\/labovilleurbanne.fr\/blog\/wp-content\/uploads\/2023\/09\/cropped-logo.png\",\"contentUrl\":\"https:\/\/labovilleurbanne.fr\/blog\/wp-content\/uploads\/2023\/09\/cropped-logo.png\",\"width\":240,\"height\":240,\"caption\":\"LABORATOIRE OUVERT VILLEURBANNAIS\"},\"image\":{\"@id\":\"https:\/\/labovilleurbanne.fr\/blog\/#\/schema\/logo\/image\/\"},\"sameAs\":[\"https:\/\/www.facebook.com\/labolov\",\"https:\/\/framateam.org\/labolov\"]},{\"@type\":\"Person\",\"@id\":\"https:\/\/labovilleurbanne.fr\/blog\/#\/schema\/person\/563152cd9bb2d6c231c3321e62c7a194\",\"name\":\"citrouilleorange\",\"image\":{\"@type\":\"ImageObject\",\"inLanguage\":\"fr-FR\",\"@id\":\"https:\/\/labovilleurbanne.fr\/blog\/#\/schema\/person\/image\/\",\"url\":\"https:\/\/secure.gravatar.com\/avatar\/2233c044af489944f19d668017649dea?s=96&d=monsterid&r=g\",\"contentUrl\":\"https:\/\/secure.gravatar.com\/avatar\/2233c044af489944f19d668017649dea?s=96&d=monsterid&r=g\",\"caption\":\"citrouilleorange\"},\"url\":\"https:\/\/labovilleurbanne.fr\/blog\/author\/nolwenn_le-goff\/\"}]}<\/script>\n<!-- \/ Yoast SEO plugin. -->","yoast_head_json":{"title":"Portes ouvertes le samedi 30 septembre : le LOV fait sa rentr\u00e9e - LABORATOIRE OUVERT VILLEURBANNAIS","robots":{"index":"index","follow":"follow","max-snippet":"max-snippet:-1","max-image-preview":"max-image-preview:large","max-video-preview":"max-video-preview:-1"},"canonical":"https:\/\/labovilleurbanne.fr\/blog\/2023\/09\/14\/portes-ouvertes-le-samedi-30-septembre-le-lov-fait-sa-rentree\/","og_locale":"fr_FR","og_type":"article","og_title":"Portes ouvertes le samedi 30 septembre : le LOV fait sa rentr\u00e9e - LABORATOIRE OUVERT VILLEURBANNAIS","og_description":"12h00-18h00 Le LOV organise une journ\u00e9e portes ouvertes le samedi 30 septembre, ouverte aux adh\u00e9rents et \u00e0 toute personne qui souhaite d\u00e9couvrir l&rsquo;association. Au menu&nbsp;:","og_url":"https:\/\/labovilleurbanne.fr\/blog\/2023\/09\/14\/portes-ouvertes-le-samedi-30-septembre-le-lov-fait-sa-rentree\/","og_site_name":"LABORATOIRE OUVERT VILLEURBANNAIS","article_publisher":"https:\/\/www.facebook.com\/labolov","article_published_time":"2023-09-14T12:32:23+00:00","article_modified_time":"2023-09-14T21:47:44+00:00","og_image":[{"width":1203,"height":765,"url":"https:\/\/labovilleurbanne.fr\/blog\/wp-content\/uploads\/2023\/09\/Picnic_c.1930_by_Sam_Hood_38915241334-1.png","type":"image\/png"}],"author":"citrouilleorange","twitter_card":"summary_large_image","twitter_misc":{"\u00c9crit par":"citrouilleorange","Dur\u00e9e de lecture estim\u00e9e":"1 minute"},"schema":{"@context":"https:\/\/schema.org","@graph":[{"@type":["Article","BlogPosting"],"@id":"https:\/\/labovilleurbanne.fr\/blog\/2023\/09\/14\/portes-ouvertes-le-samedi-30-septembre-le-lov-fait-sa-rentree\/#article","isPartOf":{"@id":"https:\/\/labovilleurbanne.fr\/blog\/2023\/09\/14\/portes-ouvertes-le-samedi-30-septembre-le-lov-fait-sa-rentree\/"},"author":{"name":"citrouilleorange","@id":"https:\/\/labovilleurbanne.fr\/blog\/#\/schema\/person\/563152cd9bb2d6c231c3321e62c7a194"},"headline":"Portes ouvertes le samedi 30 septembre&nbsp;: le LOV fait sa rentr\u00e9e","datePublished":"2023-09-14T12:32:23+00:00","dateModified":"2023-09-14T21:47:44+00:00","mainEntityOfPage":{"@id":"https:\/\/labovilleurbanne.fr\/blog\/2023\/09\/14\/portes-ouvertes-le-samedi-30-septembre-le-lov-fait-sa-rentree\/"},"wordCount":119,"publisher":{"@id":"https:\/\/labovilleurbanne.fr\/blog\/#organization"},"articleSection":["communication","\u00e9v\u00e8nement"],"inLanguage":"fr-FR"},{"@type":"WebPage","@id":"https:\/\/labovilleurbanne.fr\/blog\/2023\/09\/14\/portes-ouvertes-le-samedi-30-septembre-le-lov-fait-sa-rentree\/","url":"https:\/\/labovilleurbanne.fr\/blog\/2023\/09\/14\/portes-ouvertes-le-samedi-30-septembre-le-lov-fait-sa-rentree\/","name":"Portes ouvertes le samedi 30 septembre : le LOV fait sa rentr\u00e9e - LABORATOIRE OUVERT VILLEURBANNAIS","isPartOf":{"@id":"https:\/\/labovilleurbanne.fr\/blog\/#website"},"datePublished":"2023-09-14T12:32:23+00:00","dateModified":"2023-09-14T21:47:44+00:00","breadcrumb":{"@id":"https:\/\/labovilleurbanne.fr\/blog\/2023\/09\/14\/portes-ouvertes-le-samedi-30-septembre-le-lov-fait-sa-rentree\/#breadcrumb"},"inLanguage":"fr-FR","potentialAction":[{"@type":"ReadAction","target":["https:\/\/labovilleurbanne.fr\/blog\/2023\/09\/14\/portes-ouvertes-le-samedi-30-septembre-le-lov-fait-sa-rentree\/"]}]},{"@type":"BreadcrumbList","@id":"https:\/\/labovilleurbanne.fr\/blog\/2023\/09\/14\/portes-ouvertes-le-samedi-30-septembre-le-lov-fait-sa-rentree\/#breadcrumb","itemListElement":[{"@type":"ListItem","position":1,"name":"Accueil","item":"https:\/\/labovilleurbanne.fr\/blog\/"},{"@type":"ListItem","position":2,"name":"Portes ouvertes le samedi 30 septembre&nbsp;: le LOV fait sa rentr\u00e9e"}]},{"@type":"WebSite","@id":"https:\/\/labovilleurbanne.fr\/blog\/#website","url":"https:\/\/labovilleurbanne.fr\/blog\/","name":"LABORATOIRE OUVERT VILLEURBANNAIS","description":"","publisher":{"@id":"https:\/\/labovilleurbanne.fr\/blog\/#organization"},"potentialAction":[{"@type":"SearchAction","target":{"@type":"EntryPoint","urlTemplate":"https:\/\/labovilleurbanne.fr\/blog\/?s={search_term_string}"},"query-input":"required name=search_term_string"}],"inLanguage":"fr-FR"},{"@type":"Organization","@id":"https:\/\/labovilleurbanne.fr\/blog\/#organization","name":"LABORATOIRE OUVERT VILLEURBANNAIS","url":"https:\/\/labovilleurbanne.fr\/blog\/","logo":{"@type":"ImageObject","inLanguage":"fr-FR","@id":"https:\/\/labovilleurbanne.fr\/blog\/#\/schema\/logo\/image\/","url":"https:\/\/labovilleurbanne.fr\/blog\/wp-content\/uploads\/2023\/09\/cropped-logo.png","contentUrl":"https:\/\/labovilleurbanne.fr\/blog\/wp-content\/uploads\/2023\/09\/cropped-logo.png","width":240,"height":240,"caption":"LABORATOIRE OUVERT VILLEURBANNAIS"},"image":{"@id":"https:\/\/labovilleurbanne.fr\/blog\/#\/schema\/logo\/image\/"},"sameAs":["https:\/\/www.facebook.com\/labolov","https:\/\/framateam.org\/labolov"]},{"@type":"Person","@id":"https:\/\/labovilleurbanne.fr\/blog\/#\/schema\/person\/563152cd9bb2d6c231c3321e62c7a194","name":"citrouilleorange","image":{"@type":"ImageObject","inLanguage":"fr-FR","@id":"https:\/\/labovilleurbanne.fr\/blog\/#\/schema\/person\/image\/","url":"https:\/\/secure.gravatar.com\/avatar\/2233c044af489944f19d668017649dea?s=96&d=monsterid&r=g","contentUrl":"https:\/\/secure.gravatar.com\/avatar\/2233c044af489944f19d668017649dea?s=96&d=monsterid&r=g","caption":"citrouilleorange"},"url":"https:\/\/labovilleurbanne.fr\/blog\/author\/nolwenn_le-goff\/"}]}},"_links":{"self":[{"href":"https:\/\/labovilleurbanne.fr\/blog\/wp-json\/wp\/v2\/posts\/2756"}],"collection":[{"href":"https:\/\/labovilleurbanne.fr\/blog\/wp-json\/wp\/v2\/posts"}],"about":[{"href":"https:\/\/labovilleurbanne.fr\/blog\/wp-json\/wp\/v2\/types\/post"}],"author":[{"embeddable":true,"href":"https:\/\/labovilleurbanne.fr\/blog\/wp-json\/wp\/v2\/users\/13"}],"replies":[{"embeddable":true,"href":"https:\/\/labovilleurbanne.fr\/blog\/wp-json\/wp\/v2\/comments?post=2756"}],"version-history":[{"count":12,"href":"https:\/\/labovilleurbanne.fr\/blog\/wp-json\/wp\/v2\/posts\/2756\/revisions"}],"predecessor-version":[{"id":2773,"href":"https:\/\/labovilleurbanne.fr\/blog\/wp-json\/wp\/v2\/posts\/2756\/revisions\/2773"}],"wp:featuredmedia":[{"embeddable":true,"href":"https:\/\/labovilleurbanne.fr\/blog\/wp-json\/wp\/v2\/media\/2777"}],"wp:attachment":[{"href":"https:\/\/labovilleurbanne.fr\/blog\/wp-json\/wp\/v2\/media?parent=2756"}],"wp:term":[{"taxonomy":"category","embeddable":true,"href":"https:\/\/labovilleurbanne.fr\/blog\/wp-json\/wp\/v2\/categories?post=2756"},{"taxonomy":"post_tag","embeddable":true,"href":"https:\/\/labovilleurbanne.fr\/blog\/wp-json\/wp\/v2\/tags?post=2756"}],"curies":[{"name":"wp","href":"https:\/\/api.w.org\/{rel}","templated":true}]}}