{"id":260,"date":"2017-10-31T18:36:48","date_gmt":"2017-10-31T16:36:48","guid":{"rendered":"https:\/\/labovilleurbanne.fr\/blog\/?p=260"},"modified":"2023-06-10T18:22:57","modified_gmt":"2023-06-10T16:22:57","slug":"ouverture-du-lov","status":"publish","type":"post","link":"https:\/\/labovilleurbanne.fr\/blog\/2017\/10\/31\/ouverture-du-lov\/","title":{"rendered":"Ouverture du LOV"},"content":{"rendered":"<p>Bonne nouvelle&nbsp;! Le local du LOV est d\u00e9sormais raccord\u00e9 \u00e0 l&rsquo;\u00e9lectricit\u00e9 et les activit\u00e9s sur place peuvent commencer.<\/p>\n<p>Le local du LOV au <span class=\"st\"><strong>21 place des Maisons Neuves, Villeurbanne<\/strong> sera ouvert:<\/span><\/p>\n<ul>\n<li><strong>les lundis \u00e0 partir de 19h,<\/strong><\/li>\n<li><strong>les jeudis \u00e0 partir de 19h.<\/strong><\/li>\n<\/ul>\n<p>En cas d&rsquo;annulation exceptionnelle (f\u00eates, vacances etc.), l&rsquo;information sera diffus\u00e9e en avance sur la <a href=\"https:\/\/listes.illyse.org\/wws\/subscribe\/lov\">liste de diffusion du LOV<\/a>. Pensez donc \u00e0 vous y abonner.<\/p>\n<p>Les premi\u00e8res activit\u00e9s du LOV seront centr\u00e9es autour de l&rsquo;am\u00e9nagement du local et de son \u00e9quipement afin que les projets du hackerspace puissent d\u00e9marrer au plus et dans les meilleures conditions. Tout est \u00e0 faire, venez nombreux&nbsp;!<\/p>","protected":false},"excerpt":{"rendered":"<p>Bonne nouvelle&nbsp;! Le local du LOV est d\u00e9sormais raccord\u00e9 \u00e0 l&rsquo;\u00e9lectricit\u00e9 et les activit\u00e9s sur place peuvent commencer. Le local du LOV au 21 place des Maisons Neuves, Villeurbanne sera ouvert: les lundis \u00e0 partir de 19h, les jeudis \u00e0 partir de 19h. En cas d&rsquo;annulation exceptionnelle (f\u00eates, vacances etc.), l&rsquo;information sera diffus\u00e9e en avance &hellip; <a href=\"https:\/\/labovilleurbanne.fr\/blog\/2017\/10\/31\/ouverture-du-lov\/\" class=\"more-link\">Continuer la lecture<span class=\"screen-reader-text\"> de &laquo;&nbsp;Ouverture du LOV&nbsp;&raquo;<\/span><\/a><\/p>","protected":false},"author":5,"featured_media":0,"comment_status":"open","ping_status":"open","sticky":false,"template":"","format":"standard","meta":[],"categories":[9,5,38],"tags":[],"yoast_head":"<!-- This site is optimized with the Yoast SEO plugin v21.1 - https:\/\/yoast.com\/wordpress\/plugins\/seo\/ -->\n<title>Ouverture du LOV - LABORATOIRE OUVERT VILLEURBANNAIS<\/title>\n<meta name=\"robots\" content=\"index, follow, max-snippet:-1, max-image-preview:large, max-video-preview:-1\" \/>\n<link rel=\"canonical\" href=\"https:\/\/labovilleurbanne.fr\/blog\/2017\/10\/31\/ouverture-du-lov\/\" \/>\n<meta property=\"og:locale\" content=\"fr_FR\" \/>\n<meta property=\"og:type\" content=\"article\" \/>\n<meta property=\"og:title\" content=\"Ouverture du LOV - LABORATOIRE OUVERT VILLEURBANNAIS\" \/>\n<meta property=\"og:description\" content=\"Bonne nouvelle&nbsp;! Le local du LOV est d\u00e9sormais raccord\u00e9 \u00e0 l&rsquo;\u00e9lectricit\u00e9 et les activit\u00e9s sur place peuvent commencer. Le local du LOV au 21 place des Maisons Neuves, Villeurbanne sera ouvert: les lundis \u00e0 partir de 19h, les jeudis \u00e0 partir de 19h. En cas d&rsquo;annulation exceptionnelle (f\u00eates, vacances etc.), l&rsquo;information sera diffus\u00e9e en avance &hellip; Continuer la lecture de &laquo;&nbsp;Ouverture du LOV&nbsp;&raquo;\" \/>\n<meta property=\"og:url\" content=\"https:\/\/labovilleurbanne.fr\/blog\/2017\/10\/31\/ouverture-du-lov\/\" \/>\n<meta property=\"og:site_name\" content=\"LABORATOIRE OUVERT VILLEURBANNAIS\" \/>\n<meta property=\"article:publisher\" content=\"https:\/\/www.facebook.com\/labolov\" \/>\n<meta property=\"article:published_time\" content=\"2017-10-31T16:36:48+00:00\" \/>\n<meta property=\"article:modified_time\" content=\"2023-06-10T16:22:57+00:00\" \/>\n<meta name=\"author\" content=\"Alexis\" \/>\n<meta name=\"twitter:card\" content=\"summary_large_image\" \/>\n<meta name=\"twitter:label1\" content=\"\u00c9crit par\" \/>\n\t<meta name=\"twitter:data1\" content=\"Alexis\" \/>\n\t<meta name=\"twitter:label2\" content=\"Dur\u00e9e de lecture estim\u00e9e\" \/>\n\t<meta name=\"twitter:data2\" content=\"1 minute\" \/>\n<script type=\"application\/ld+json\" class=\"yoast-schema-graph\">{\"@context\":\"https:\/\/schema.org\",\"@graph\":[{\"@type\":[\"Article\",\"BlogPosting\"],\"@id\":\"https:\/\/labovilleurbanne.fr\/blog\/2017\/10\/31\/ouverture-du-lov\/#article\",\"isPartOf\":{\"@id\":\"https:\/\/labovilleurbanne.fr\/blog\/2017\/10\/31\/ouverture-du-lov\/\"},\"author\":{\"name\":\"Alexis\",\"@id\":\"https:\/\/labovilleurbanne.fr\/blog\/#\/schema\/person\/6375b1838415c7db1c76a206434d7cff\"},\"headline\":\"Ouverture du LOV\",\"datePublished\":\"2017-10-31T16:36:48+00:00\",\"dateModified\":\"2023-06-10T16:22:57+00:00\",\"mainEntityOfPage\":{\"@id\":\"https:\/\/labovilleurbanne.fr\/blog\/2017\/10\/31\/ouverture-du-lov\/\"},\"wordCount\":115,\"commentCount\":0,\"publisher\":{\"@id\":\"https:\/\/labovilleurbanne.fr\/blog\/#organization\"},\"articleSection\":[\"communication\",\"local\",\"vie du LOV\"],\"inLanguage\":\"fr-FR\",\"potentialAction\":[{\"@type\":\"CommentAction\",\"name\":\"Comment\",\"target\":[\"https:\/\/labovilleurbanne.fr\/blog\/2017\/10\/31\/ouverture-du-lov\/#respond\"]}]},{\"@type\":\"WebPage\",\"@id\":\"https:\/\/labovilleurbanne.fr\/blog\/2017\/10\/31\/ouverture-du-lov\/\",\"url\":\"https:\/\/labovilleurbanne.fr\/blog\/2017\/10\/31\/ouverture-du-lov\/\",\"name\":\"Ouverture du LOV - LABORATOIRE OUVERT VILLEURBANNAIS\",\"isPartOf\":{\"@id\":\"https:\/\/labovilleurbanne.fr\/blog\/#website\"},\"datePublished\":\"2017-10-31T16:36:48+00:00\",\"dateModified\":\"2023-06-10T16:22:57+00:00\",\"breadcrumb\":{\"@id\":\"https:\/\/labovilleurbanne.fr\/blog\/2017\/10\/31\/ouverture-du-lov\/#breadcrumb\"},\"inLanguage\":\"fr-FR\",\"potentialAction\":[{\"@type\":\"ReadAction\",\"target\":[\"https:\/\/labovilleurbanne.fr\/blog\/2017\/10\/31\/ouverture-du-lov\/\"]}]},{\"@type\":\"BreadcrumbList\",\"@id\":\"https:\/\/labovilleurbanne.fr\/blog\/2017\/10\/31\/ouverture-du-lov\/#breadcrumb\",\"itemListElement\":[{\"@type\":\"ListItem\",\"position\":1,\"name\":\"Accueil\",\"item\":\"https:\/\/labovilleurbanne.fr\/blog\/\"},{\"@type\":\"ListItem\",\"position\":2,\"name\":\"Ouverture du LOV\"}]},{\"@type\":\"WebSite\",\"@id\":\"https:\/\/labovilleurbanne.fr\/blog\/#website\",\"url\":\"https:\/\/labovilleurbanne.fr\/blog\/\",\"name\":\"LABORATOIRE OUVERT VILLEURBANNAIS\",\"description\":\"\",\"publisher\":{\"@id\":\"https:\/\/labovilleurbanne.fr\/blog\/#organization\"},\"potentialAction\":[{\"@type\":\"SearchAction\",\"target\":{\"@type\":\"EntryPoint\",\"urlTemplate\":\"https:\/\/labovilleurbanne.fr\/blog\/?s={search_term_string}\"},\"query-input\":\"required name=search_term_string\"}],\"inLanguage\":\"fr-FR\"},{\"@type\":\"Organization\",\"@id\":\"https:\/\/labovilleurbanne.fr\/blog\/#organization\",\"name\":\"LABORATOIRE OUVERT VILLEURBANNAIS\",\"url\":\"https:\/\/labovilleurbanne.fr\/blog\/\",\"logo\":{\"@type\":\"ImageObject\",\"inLanguage\":\"fr-FR\",\"@id\":\"https:\/\/labovilleurbanne.fr\/blog\/#\/schema\/logo\/image\/\",\"url\":\"https:\/\/labovilleurbanne.fr\/blog\/wp-content\/uploads\/2023\/09\/cropped-logo.png\",\"contentUrl\":\"https:\/\/labovilleurbanne.fr\/blog\/wp-content\/uploads\/2023\/09\/cropped-logo.png\",\"width\":240,\"height\":240,\"caption\":\"LABORATOIRE OUVERT VILLEURBANNAIS\"},\"image\":{\"@id\":\"https:\/\/labovilleurbanne.fr\/blog\/#\/schema\/logo\/image\/\"},\"sameAs\":[\"https:\/\/www.facebook.com\/labolov\",\"https:\/\/framateam.org\/labolov\"]},{\"@type\":\"Person\",\"@id\":\"https:\/\/labovilleurbanne.fr\/blog\/#\/schema\/person\/6375b1838415c7db1c76a206434d7cff\",\"name\":\"Alexis\",\"image\":{\"@type\":\"ImageObject\",\"inLanguage\":\"fr-FR\",\"@id\":\"https:\/\/labovilleurbanne.fr\/blog\/#\/schema\/person\/image\/\",\"url\":\"https:\/\/secure.gravatar.com\/avatar\/b1434937391877899856d160ce2f5b13?s=96&d=monsterid&r=g\",\"contentUrl\":\"https:\/\/secure.gravatar.com\/avatar\/b1434937391877899856d160ce2f5b13?s=96&d=monsterid&r=g\",\"caption\":\"Alexis\"},\"url\":\"https:\/\/labovilleurbanne.fr\/blog\/author\/alexis_bezverkhyy\/\"}]}<\/script>\n<!-- \/ Yoast SEO plugin. -->","yoast_head_json":{"title":"Ouverture du LOV - LABORATOIRE OUVERT VILLEURBANNAIS","robots":{"index":"index","follow":"follow","max-snippet":"max-snippet:-1","max-image-preview":"max-image-preview:large","max-video-preview":"max-video-preview:-1"},"canonical":"https:\/\/labovilleurbanne.fr\/blog\/2017\/10\/31\/ouverture-du-lov\/","og_locale":"fr_FR","og_type":"article","og_title":"Ouverture du LOV - LABORATOIRE OUVERT VILLEURBANNAIS","og_description":"Bonne nouvelle&nbsp;! Le local du LOV est d\u00e9sormais raccord\u00e9 \u00e0 l&rsquo;\u00e9lectricit\u00e9 et les activit\u00e9s sur place peuvent commencer. Le local du LOV au 21 place des Maisons Neuves, Villeurbanne sera ouvert: les lundis \u00e0 partir de 19h, les jeudis \u00e0 partir de 19h. En cas d&rsquo;annulation exceptionnelle (f\u00eates, vacances etc.), l&rsquo;information sera diffus\u00e9e en avance &hellip; Continuer la lecture de &laquo;&nbsp;Ouverture du LOV&nbsp;&raquo;","og_url":"https:\/\/labovilleurbanne.fr\/blog\/2017\/10\/31\/ouverture-du-lov\/","og_site_name":"LABORATOIRE OUVERT VILLEURBANNAIS","article_publisher":"https:\/\/www.facebook.com\/labolov","article_published_time":"2017-10-31T16:36:48+00:00","article_modified_time":"2023-06-10T16:22:57+00:00","author":"Alexis","twitter_card":"summary_large_image","twitter_misc":{"\u00c9crit par":"Alexis","Dur\u00e9e de lecture estim\u00e9e":"1 minute"},"schema":{"@context":"https:\/\/schema.org","@graph":[{"@type":["Article","BlogPosting"],"@id":"https:\/\/labovilleurbanne.fr\/blog\/2017\/10\/31\/ouverture-du-lov\/#article","isPartOf":{"@id":"https:\/\/labovilleurbanne.fr\/blog\/2017\/10\/31\/ouverture-du-lov\/"},"author":{"name":"Alexis","@id":"https:\/\/labovilleurbanne.fr\/blog\/#\/schema\/person\/6375b1838415c7db1c76a206434d7cff"},"headline":"Ouverture du LOV","datePublished":"2017-10-31T16:36:48+00:00","dateModified":"2023-06-10T16:22:57+00:00","mainEntityOfPage":{"@id":"https:\/\/labovilleurbanne.fr\/blog\/2017\/10\/31\/ouverture-du-lov\/"},"wordCount":115,"commentCount":0,"publisher":{"@id":"https:\/\/labovilleurbanne.fr\/blog\/#organization"},"articleSection":["communication","local","vie du LOV"],"inLanguage":"fr-FR","potentialAction":[{"@type":"CommentAction","name":"Comment","target":["https:\/\/labovilleurbanne.fr\/blog\/2017\/10\/31\/ouverture-du-lov\/#respond"]}]},{"@type":"WebPage","@id":"https:\/\/labovilleurbanne.fr\/blog\/2017\/10\/31\/ouverture-du-lov\/","url":"https:\/\/labovilleurbanne.fr\/blog\/2017\/10\/31\/ouverture-du-lov\/","name":"Ouverture du LOV - LABORATOIRE OUVERT VILLEURBANNAIS","isPartOf":{"@id":"https:\/\/labovilleurbanne.fr\/blog\/#website"},"datePublished":"2017-10-31T16:36:48+00:00","dateModified":"2023-06-10T16:22:57+00:00","breadcrumb":{"@id":"https:\/\/labovilleurbanne.fr\/blog\/2017\/10\/31\/ouverture-du-lov\/#breadcrumb"},"inLanguage":"fr-FR","potentialAction":[{"@type":"ReadAction","target":["https:\/\/labovilleurbanne.fr\/blog\/2017\/10\/31\/ouverture-du-lov\/"]}]},{"@type":"BreadcrumbList","@id":"https:\/\/labovilleurbanne.fr\/blog\/2017\/10\/31\/ouverture-du-lov\/#breadcrumb","itemListElement":[{"@type":"ListItem","position":1,"name":"Accueil","item":"https:\/\/labovilleurbanne.fr\/blog\/"},{"@type":"ListItem","position":2,"name":"Ouverture du LOV"}]},{"@type":"WebSite","@id":"https:\/\/labovilleurbanne.fr\/blog\/#website","url":"https:\/\/labovilleurbanne.fr\/blog\/","name":"LABORATOIRE OUVERT VILLEURBANNAIS","description":"","publisher":{"@id":"https:\/\/labovilleurbanne.fr\/blog\/#organization"},"potentialAction":[{"@type":"SearchAction","target":{"@type":"EntryPoint","urlTemplate":"https:\/\/labovilleurbanne.fr\/blog\/?s={search_term_string}"},"query-input":"required name=search_term_string"}],"inLanguage":"fr-FR"},{"@type":"Organization","@id":"https:\/\/labovilleurbanne.fr\/blog\/#organization","name":"LABORATOIRE OUVERT VILLEURBANNAIS","url":"https:\/\/labovilleurbanne.fr\/blog\/","logo":{"@type":"ImageObject","inLanguage":"fr-FR","@id":"https:\/\/labovilleurbanne.fr\/blog\/#\/schema\/logo\/image\/","url":"https:\/\/labovilleurbanne.fr\/blog\/wp-content\/uploads\/2023\/09\/cropped-logo.png","contentUrl":"https:\/\/labovilleurbanne.fr\/blog\/wp-content\/uploads\/2023\/09\/cropped-logo.png","width":240,"height":240,"caption":"LABORATOIRE OUVERT VILLEURBANNAIS"},"image":{"@id":"https:\/\/labovilleurbanne.fr\/blog\/#\/schema\/logo\/image\/"},"sameAs":["https:\/\/www.facebook.com\/labolov","https:\/\/framateam.org\/labolov"]},{"@type":"Person","@id":"https:\/\/labovilleurbanne.fr\/blog\/#\/schema\/person\/6375b1838415c7db1c76a206434d7cff","name":"Alexis","image":{"@type":"ImageObject","inLanguage":"fr-FR","@id":"https:\/\/labovilleurbanne.fr\/blog\/#\/schema\/person\/image\/","url":"https:\/\/secure.gravatar.com\/avatar\/b1434937391877899856d160ce2f5b13?s=96&d=monsterid&r=g","contentUrl":"https:\/\/secure.gravatar.com\/avatar\/b1434937391877899856d160ce2f5b13?s=96&d=monsterid&r=g","caption":"Alexis"},"url":"https:\/\/labovilleurbanne.fr\/blog\/author\/alexis_bezverkhyy\/"}]}},"_links":{"self":[{"href":"https:\/\/labovilleurbanne.fr\/blog\/wp-json\/wp\/v2\/posts\/260"}],"collection":[{"href":"https:\/\/labovilleurbanne.fr\/blog\/wp-json\/wp\/v2\/posts"}],"about":[{"href":"https:\/\/labovilleurbanne.fr\/blog\/wp-json\/wp\/v2\/types\/post"}],"author":[{"embeddable":true,"href":"https:\/\/labovilleurbanne.fr\/blog\/wp-json\/wp\/v2\/users\/5"}],"replies":[{"embeddable":true,"href":"https:\/\/labovilleurbanne.fr\/blog\/wp-json\/wp\/v2\/comments?post=260"}],"version-history":[{"count":1,"href":"https:\/\/labovilleurbanne.fr\/blog\/wp-json\/wp\/v2\/posts\/260\/revisions"}],"predecessor-version":[{"id":261,"href":"https:\/\/labovilleurbanne.fr\/blog\/wp-json\/wp\/v2\/posts\/260\/revisions\/261"}],"wp:attachment":[{"href":"https:\/\/labovilleurbanne.fr\/blog\/wp-json\/wp\/v2\/media?parent=260"}],"wp:term":[{"taxonomy":"category","embeddable":true,"href":"https:\/\/labovilleurbanne.fr\/blog\/wp-json\/wp\/v2\/categories?post=260"},{"taxonomy":"post_tag","embeddable":true,"href":"https:\/\/labovilleurbanne.fr\/blog\/wp-json\/wp\/v2\/tags?post=260"}],"curies":[{"name":"wp","href":"https:\/\/api.w.org\/{rel}","templated":true}]}}