{"id":124,"date":"2016-11-20T11:40:40","date_gmt":"2016-11-20T09:40:40","guid":{"rendered":"https:\/\/labovilleurbanne.fr\/blog\/?p=124"},"modified":"2023-06-10T18:23:28","modified_gmt":"2023-06-10T16:23:28","slug":"atelier-a-liut-gratte-ciel-lyon-1-le-samedi-26-novembre-2016","status":"publish","type":"post","link":"https:\/\/labovilleurbanne.fr\/blog\/2016\/11\/20\/atelier-a-liut-gratte-ciel-lyon-1-le-samedi-26-novembre-2016\/","title":{"rendered":"Hors-les-murs&nbsp;: atelier \u00e0 l\u2019IUT Gratte-Ciel Lyon 1"},"content":{"rendered":"<p style=\"text-align: justify;\">Au milieu de l\u2019ameublement du local et nos soucis d&rsquo;eau et d&rsquo;\u00e9lectricit\u00e9 (dont on esp\u00e8re que cela avance vite apr\u00e8s une rencontre avec le service patrimoine de la mairie ce vendredi), le LOV sera hors les murs&nbsp;!<\/p>\n<p style=\"text-align: justify;\">Pour \u00ab&nbsp;la semaine de la jeunesse, l\u2019engagement sous toutes ses formes&nbsp;\u00bb, le LOV animera un atelier \u00ab&nbsp;objets connect\u00e9s&nbsp;\u00bb le samedi 26 Novembre \u00e0 l\u2019<a href=\"https:\/\/www.google.fr\/maps\/place\/IUT+Lyon+1+Site+de+Villeurbanne+Gratte-Ciel\/@45.7673418,4.8839405,17z\/data=!3m1!4b1!4m5!3m4!1s0x47f4c02ec6b4d39f:0x3b0857e199b76a9d!8m2!3d45.7673418!4d4.8861292?hl=fr\" target=\"_blank\" rel=\"noopener\">IUT Gratte-Ciel Lyon 1 (17 rue de France \u00e0 Villeurbanne)<\/a> \u00e0 14h30. Lors de cet atelier, Alexis vous proposera d&rsquo;apprendre \u00e0 <a href=\"\/\/labovilleurbanne.fr\/dokuwiki\/doku.php?id=ateliers:2016-11-26_radiateurconnecte\">commander un appareil (un radiateur) par internet<\/a>.<\/p>\n<p style=\"text-align: center;\"><iframe loading=\"lazy\" style=\"border: 1px solid black;\" src=\"\/\/www.openstreetmap.org\/export\/embed.html?bbox=4.880912303924561%2C45.76530387383964%2C4.892794489860536%2C45.7700375727251&amp;layer=mapnik&amp;marker=45.767670773496704%2C4.886853396892548\" width=\"425\" height=\"350\" frameborder=\"0\" marginwidth=\"0\" marginheight=\"0\" scrolling=\"no\"><\/iframe><br \/>\n<small><a href=\"\/\/www.openstreetmap.org\/?mlat=45.76767&amp;mlon=4.88685#map=18\/45.76767\/4.88685\">Afficher une carte plus grande<\/a><\/small><\/p>\n<p style=\"text-align: justify;\">\u00c0 samedi&nbsp;!<\/p>","protected":false},"excerpt":{"rendered":"<p>Au milieu de l\u2019ameublement du local et nos soucis d&rsquo;eau et d&rsquo;\u00e9lectricit\u00e9 (dont on esp\u00e8re que cela avance vite apr\u00e8s une rencontre avec le service patrimoine de la mairie ce vendredi), le LOV sera hors les murs&nbsp;! Pour \u00ab&nbsp;la semaine de la jeunesse, l\u2019engagement sous toutes ses formes&nbsp;\u00bb, le LOV animera un atelier \u00ab&nbsp;objets connect\u00e9s&nbsp;\u00bb &hellip; <a href=\"https:\/\/labovilleurbanne.fr\/blog\/2016\/11\/20\/atelier-a-liut-gratte-ciel-lyon-1-le-samedi-26-novembre-2016\/\" class=\"more-link\">Continuer la lecture<span class=\"screen-reader-text\"> de &laquo;&nbsp;Hors-les-murs&nbsp;: atelier \u00e0 l\u2019IUT Gratte-Ciel Lyon 1&nbsp;&raquo;<\/span><\/a><\/p>","protected":false},"author":11,"featured_media":0,"comment_status":"open","ping_status":"open","sticky":false,"template":"","format":"standard","meta":[],"categories":[20,37,18,84],"tags":[72],"yoast_head":"<!-- This site is optimized with the Yoast SEO plugin v21.1 - https:\/\/yoast.com\/wordpress\/plugins\/seo\/ -->\n<title>Hors-les-murs : atelier \u00e0 l\u2019IUT Gratte-Ciel Lyon 1 - LABORATOIRE OUVERT VILLEURBANNAIS<\/title>\n<meta name=\"robots\" content=\"index, follow, max-snippet:-1, max-image-preview:large, max-video-preview:-1\" \/>\n<link rel=\"canonical\" href=\"https:\/\/labovilleurbanne.fr\/blog\/2016\/11\/20\/atelier-a-liut-gratte-ciel-lyon-1-le-samedi-26-novembre-2016\/\" \/>\n<meta property=\"og:locale\" content=\"fr_FR\" \/>\n<meta property=\"og:type\" content=\"article\" \/>\n<meta property=\"og:title\" content=\"Hors-les-murs : atelier \u00e0 l\u2019IUT Gratte-Ciel Lyon 1 - LABORATOIRE OUVERT VILLEURBANNAIS\" \/>\n<meta property=\"og:description\" content=\"Au milieu de l\u2019ameublement du local et nos soucis d&rsquo;eau et d&rsquo;\u00e9lectricit\u00e9 (dont on esp\u00e8re que cela avance vite apr\u00e8s une rencontre avec le service patrimoine de la mairie ce vendredi), le LOV sera hors les murs&nbsp;! Pour \u00ab&nbsp;la semaine de la jeunesse, l\u2019engagement sous toutes ses formes&nbsp;\u00bb, le LOV animera un atelier \u00ab&nbsp;objets connect\u00e9s&nbsp;\u00bb &hellip; Continuer la lecture de &laquo;&nbsp;Hors-les-murs&nbsp;: atelier \u00e0 l\u2019IUT Gratte-Ciel Lyon 1&nbsp;&raquo;\" \/>\n<meta property=\"og:url\" content=\"https:\/\/labovilleurbanne.fr\/blog\/2016\/11\/20\/atelier-a-liut-gratte-ciel-lyon-1-le-samedi-26-novembre-2016\/\" \/>\n<meta property=\"og:site_name\" content=\"LABORATOIRE OUVERT VILLEURBANNAIS\" \/>\n<meta property=\"article:publisher\" content=\"https:\/\/www.facebook.com\/labolov\" \/>\n<meta property=\"article:published_time\" content=\"2016-11-20T09:40:40+00:00\" \/>\n<meta property=\"article:modified_time\" content=\"2023-06-10T16:23:28+00:00\" \/>\n<meta name=\"author\" content=\"AdminLOV\" \/>\n<meta name=\"twitter:card\" content=\"summary_large_image\" \/>\n<meta name=\"twitter:label1\" content=\"\u00c9crit par\" \/>\n\t<meta name=\"twitter:data1\" content=\"AdminLOV\" \/>\n<script type=\"application\/ld+json\" class=\"yoast-schema-graph\">{\"@context\":\"https:\/\/schema.org\",\"@graph\":[{\"@type\":[\"Article\",\"BlogPosting\"],\"@id\":\"https:\/\/labovilleurbanne.fr\/blog\/2016\/11\/20\/atelier-a-liut-gratte-ciel-lyon-1-le-samedi-26-novembre-2016\/#article\",\"isPartOf\":{\"@id\":\"https:\/\/labovilleurbanne.fr\/blog\/2016\/11\/20\/atelier-a-liut-gratte-ciel-lyon-1-le-samedi-26-novembre-2016\/\"},\"author\":{\"name\":\"AdminLOV\",\"@id\":\"https:\/\/labovilleurbanne.fr\/blog\/#\/schema\/person\/12da458ea7af1913898cfb09f618575c\"},\"headline\":\"Hors-les-murs&nbsp;: atelier \u00e0 l\u2019IUT Gratte-Ciel Lyon 1\",\"datePublished\":\"2016-11-20T09:40:40+00:00\",\"dateModified\":\"2023-06-10T16:23:28+00:00\",\"mainEntityOfPage\":{\"@id\":\"https:\/\/labovilleurbanne.fr\/blog\/2016\/11\/20\/atelier-a-liut-gratte-ciel-lyon-1-le-samedi-26-novembre-2016\/\"},\"wordCount\":102,\"commentCount\":0,\"publisher\":{\"@id\":\"https:\/\/labovilleurbanne.fr\/blog\/#organization\"},\"keywords\":[\"objet connect\u00e9\"],\"articleSection\":[\"atelier\",\"\u00e9v\u00e8nement\",\"hors-les-murs\",\"projet r\u00e9alis\u00e9\"],\"inLanguage\":\"fr-FR\",\"potentialAction\":[{\"@type\":\"CommentAction\",\"name\":\"Comment\",\"target\":[\"https:\/\/labovilleurbanne.fr\/blog\/2016\/11\/20\/atelier-a-liut-gratte-ciel-lyon-1-le-samedi-26-novembre-2016\/#respond\"]}]},{\"@type\":\"WebPage\",\"@id\":\"https:\/\/labovilleurbanne.fr\/blog\/2016\/11\/20\/atelier-a-liut-gratte-ciel-lyon-1-le-samedi-26-novembre-2016\/\",\"url\":\"https:\/\/labovilleurbanne.fr\/blog\/2016\/11\/20\/atelier-a-liut-gratte-ciel-lyon-1-le-samedi-26-novembre-2016\/\",\"name\":\"Hors-les-murs : atelier \u00e0 l\u2019IUT Gratte-Ciel Lyon 1 - LABORATOIRE OUVERT VILLEURBANNAIS\",\"isPartOf\":{\"@id\":\"https:\/\/labovilleurbanne.fr\/blog\/#website\"},\"datePublished\":\"2016-11-20T09:40:40+00:00\",\"dateModified\":\"2023-06-10T16:23:28+00:00\",\"breadcrumb\":{\"@id\":\"https:\/\/labovilleurbanne.fr\/blog\/2016\/11\/20\/atelier-a-liut-gratte-ciel-lyon-1-le-samedi-26-novembre-2016\/#breadcrumb\"},\"inLanguage\":\"fr-FR\",\"potentialAction\":[{\"@type\":\"ReadAction\",\"target\":[\"https:\/\/labovilleurbanne.fr\/blog\/2016\/11\/20\/atelier-a-liut-gratte-ciel-lyon-1-le-samedi-26-novembre-2016\/\"]}]},{\"@type\":\"BreadcrumbList\",\"@id\":\"https:\/\/labovilleurbanne.fr\/blog\/2016\/11\/20\/atelier-a-liut-gratte-ciel-lyon-1-le-samedi-26-novembre-2016\/#breadcrumb\",\"itemListElement\":[{\"@type\":\"ListItem\",\"position\":1,\"name\":\"Accueil\",\"item\":\"https:\/\/labovilleurbanne.fr\/blog\/\"},{\"@type\":\"ListItem\",\"position\":2,\"name\":\"Hors-les-murs&nbsp;: atelier \u00e0 l\u2019IUT Gratte-Ciel Lyon 1\"}]},{\"@type\":\"WebSite\",\"@id\":\"https:\/\/labovilleurbanne.fr\/blog\/#website\",\"url\":\"https:\/\/labovilleurbanne.fr\/blog\/\",\"name\":\"LABORATOIRE OUVERT VILLEURBANNAIS\",\"description\":\"\",\"publisher\":{\"@id\":\"https:\/\/labovilleurbanne.fr\/blog\/#organization\"},\"potentialAction\":[{\"@type\":\"SearchAction\",\"target\":{\"@type\":\"EntryPoint\",\"urlTemplate\":\"https:\/\/labovilleurbanne.fr\/blog\/?s={search_term_string}\"},\"query-input\":\"required name=search_term_string\"}],\"inLanguage\":\"fr-FR\"},{\"@type\":\"Organization\",\"@id\":\"https:\/\/labovilleurbanne.fr\/blog\/#organization\",\"name\":\"LABORATOIRE OUVERT VILLEURBANNAIS\",\"url\":\"https:\/\/labovilleurbanne.fr\/blog\/\",\"logo\":{\"@type\":\"ImageObject\",\"inLanguage\":\"fr-FR\",\"@id\":\"https:\/\/labovilleurbanne.fr\/blog\/#\/schema\/logo\/image\/\",\"url\":\"https:\/\/labovilleurbanne.fr\/blog\/wp-content\/uploads\/2023\/09\/cropped-logo.png\",\"contentUrl\":\"https:\/\/labovilleurbanne.fr\/blog\/wp-content\/uploads\/2023\/09\/cropped-logo.png\",\"width\":240,\"height\":240,\"caption\":\"LABORATOIRE OUVERT VILLEURBANNAIS\"},\"image\":{\"@id\":\"https:\/\/labovilleurbanne.fr\/blog\/#\/schema\/logo\/image\/\"},\"sameAs\":[\"https:\/\/www.facebook.com\/labolov\",\"https:\/\/framateam.org\/labolov\"]},{\"@type\":\"Person\",\"@id\":\"https:\/\/labovilleurbanne.fr\/blog\/#\/schema\/person\/12da458ea7af1913898cfb09f618575c\",\"name\":\"AdminLOV\",\"image\":{\"@type\":\"ImageObject\",\"inLanguage\":\"fr-FR\",\"@id\":\"https:\/\/labovilleurbanne.fr\/blog\/#\/schema\/person\/image\/\",\"url\":\"https:\/\/secure.gravatar.com\/avatar\/76baa014a04d5b2e7078995c6decca7c?s=96&d=monsterid&r=g\",\"contentUrl\":\"https:\/\/secure.gravatar.com\/avatar\/76baa014a04d5b2e7078995c6decca7c?s=96&d=monsterid&r=g\",\"caption\":\"AdminLOV\"},\"url\":\"https:\/\/labovilleurbanne.fr\/blog\/author\/adminlov_adminlov\/\"}]}<\/script>\n<!-- \/ Yoast SEO plugin. -->","yoast_head_json":{"title":"Hors-les-murs : atelier \u00e0 l\u2019IUT Gratte-Ciel Lyon 1 - LABORATOIRE OUVERT VILLEURBANNAIS","robots":{"index":"index","follow":"follow","max-snippet":"max-snippet:-1","max-image-preview":"max-image-preview:large","max-video-preview":"max-video-preview:-1"},"canonical":"https:\/\/labovilleurbanne.fr\/blog\/2016\/11\/20\/atelier-a-liut-gratte-ciel-lyon-1-le-samedi-26-novembre-2016\/","og_locale":"fr_FR","og_type":"article","og_title":"Hors-les-murs : atelier \u00e0 l\u2019IUT Gratte-Ciel Lyon 1 - LABORATOIRE OUVERT VILLEURBANNAIS","og_description":"Au milieu de l\u2019ameublement du local et nos soucis d&rsquo;eau et d&rsquo;\u00e9lectricit\u00e9 (dont on esp\u00e8re que cela avance vite apr\u00e8s une rencontre avec le service patrimoine de la mairie ce vendredi), le LOV sera hors les murs&nbsp;! Pour \u00ab&nbsp;la semaine de la jeunesse, l\u2019engagement sous toutes ses formes&nbsp;\u00bb, le LOV animera un atelier \u00ab&nbsp;objets connect\u00e9s&nbsp;\u00bb &hellip; Continuer la lecture de &laquo;&nbsp;Hors-les-murs&nbsp;: atelier \u00e0 l\u2019IUT Gratte-Ciel Lyon 1&nbsp;&raquo;","og_url":"https:\/\/labovilleurbanne.fr\/blog\/2016\/11\/20\/atelier-a-liut-gratte-ciel-lyon-1-le-samedi-26-novembre-2016\/","og_site_name":"LABORATOIRE OUVERT VILLEURBANNAIS","article_publisher":"https:\/\/www.facebook.com\/labolov","article_published_time":"2016-11-20T09:40:40+00:00","article_modified_time":"2023-06-10T16:23:28+00:00","author":"AdminLOV","twitter_card":"summary_large_image","twitter_misc":{"\u00c9crit par":"AdminLOV"},"schema":{"@context":"https:\/\/schema.org","@graph":[{"@type":["Article","BlogPosting"],"@id":"https:\/\/labovilleurbanne.fr\/blog\/2016\/11\/20\/atelier-a-liut-gratte-ciel-lyon-1-le-samedi-26-novembre-2016\/#article","isPartOf":{"@id":"https:\/\/labovilleurbanne.fr\/blog\/2016\/11\/20\/atelier-a-liut-gratte-ciel-lyon-1-le-samedi-26-novembre-2016\/"},"author":{"name":"AdminLOV","@id":"https:\/\/labovilleurbanne.fr\/blog\/#\/schema\/person\/12da458ea7af1913898cfb09f618575c"},"headline":"Hors-les-murs&nbsp;: atelier \u00e0 l\u2019IUT Gratte-Ciel Lyon 1","datePublished":"2016-11-20T09:40:40+00:00","dateModified":"2023-06-10T16:23:28+00:00","mainEntityOfPage":{"@id":"https:\/\/labovilleurbanne.fr\/blog\/2016\/11\/20\/atelier-a-liut-gratte-ciel-lyon-1-le-samedi-26-novembre-2016\/"},"wordCount":102,"commentCount":0,"publisher":{"@id":"https:\/\/labovilleurbanne.fr\/blog\/#organization"},"keywords":["objet connect\u00e9"],"articleSection":["atelier","\u00e9v\u00e8nement","hors-les-murs","projet r\u00e9alis\u00e9"],"inLanguage":"fr-FR","potentialAction":[{"@type":"CommentAction","name":"Comment","target":["https:\/\/labovilleurbanne.fr\/blog\/2016\/11\/20\/atelier-a-liut-gratte-ciel-lyon-1-le-samedi-26-novembre-2016\/#respond"]}]},{"@type":"WebPage","@id":"https:\/\/labovilleurbanne.fr\/blog\/2016\/11\/20\/atelier-a-liut-gratte-ciel-lyon-1-le-samedi-26-novembre-2016\/","url":"https:\/\/labovilleurbanne.fr\/blog\/2016\/11\/20\/atelier-a-liut-gratte-ciel-lyon-1-le-samedi-26-novembre-2016\/","name":"Hors-les-murs : atelier \u00e0 l\u2019IUT Gratte-Ciel Lyon 1 - LABORATOIRE OUVERT VILLEURBANNAIS","isPartOf":{"@id":"https:\/\/labovilleurbanne.fr\/blog\/#website"},"datePublished":"2016-11-20T09:40:40+00:00","dateModified":"2023-06-10T16:23:28+00:00","breadcrumb":{"@id":"https:\/\/labovilleurbanne.fr\/blog\/2016\/11\/20\/atelier-a-liut-gratte-ciel-lyon-1-le-samedi-26-novembre-2016\/#breadcrumb"},"inLanguage":"fr-FR","potentialAction":[{"@type":"ReadAction","target":["https:\/\/labovilleurbanne.fr\/blog\/2016\/11\/20\/atelier-a-liut-gratte-ciel-lyon-1-le-samedi-26-novembre-2016\/"]}]},{"@type":"BreadcrumbList","@id":"https:\/\/labovilleurbanne.fr\/blog\/2016\/11\/20\/atelier-a-liut-gratte-ciel-lyon-1-le-samedi-26-novembre-2016\/#breadcrumb","itemListElement":[{"@type":"ListItem","position":1,"name":"Accueil","item":"https:\/\/labovilleurbanne.fr\/blog\/"},{"@type":"ListItem","position":2,"name":"Hors-les-murs&nbsp;: atelier \u00e0 l\u2019IUT Gratte-Ciel Lyon 1"}]},{"@type":"WebSite","@id":"https:\/\/labovilleurbanne.fr\/blog\/#website","url":"https:\/\/labovilleurbanne.fr\/blog\/","name":"LABORATOIRE OUVERT VILLEURBANNAIS","description":"","publisher":{"@id":"https:\/\/labovilleurbanne.fr\/blog\/#organization"},"potentialAction":[{"@type":"SearchAction","target":{"@type":"EntryPoint","urlTemplate":"https:\/\/labovilleurbanne.fr\/blog\/?s={search_term_string}"},"query-input":"required name=search_term_string"}],"inLanguage":"fr-FR"},{"@type":"Organization","@id":"https:\/\/labovilleurbanne.fr\/blog\/#organization","name":"LABORATOIRE OUVERT VILLEURBANNAIS","url":"https:\/\/labovilleurbanne.fr\/blog\/","logo":{"@type":"ImageObject","inLanguage":"fr-FR","@id":"https:\/\/labovilleurbanne.fr\/blog\/#\/schema\/logo\/image\/","url":"https:\/\/labovilleurbanne.fr\/blog\/wp-content\/uploads\/2023\/09\/cropped-logo.png","contentUrl":"https:\/\/labovilleurbanne.fr\/blog\/wp-content\/uploads\/2023\/09\/cropped-logo.png","width":240,"height":240,"caption":"LABORATOIRE OUVERT VILLEURBANNAIS"},"image":{"@id":"https:\/\/labovilleurbanne.fr\/blog\/#\/schema\/logo\/image\/"},"sameAs":["https:\/\/www.facebook.com\/labolov","https:\/\/framateam.org\/labolov"]},{"@type":"Person","@id":"https:\/\/labovilleurbanne.fr\/blog\/#\/schema\/person\/12da458ea7af1913898cfb09f618575c","name":"AdminLOV","image":{"@type":"ImageObject","inLanguage":"fr-FR","@id":"https:\/\/labovilleurbanne.fr\/blog\/#\/schema\/person\/image\/","url":"https:\/\/secure.gravatar.com\/avatar\/76baa014a04d5b2e7078995c6decca7c?s=96&d=monsterid&r=g","contentUrl":"https:\/\/secure.gravatar.com\/avatar\/76baa014a04d5b2e7078995c6decca7c?s=96&d=monsterid&r=g","caption":"AdminLOV"},"url":"https:\/\/labovilleurbanne.fr\/blog\/author\/adminlov_adminlov\/"}]}},"_links":{"self":[{"href":"https:\/\/labovilleurbanne.fr\/blog\/wp-json\/wp\/v2\/posts\/124"}],"collection":[{"href":"https:\/\/labovilleurbanne.fr\/blog\/wp-json\/wp\/v2\/posts"}],"about":[{"href":"https:\/\/labovilleurbanne.fr\/blog\/wp-json\/wp\/v2\/types\/post"}],"author":[{"embeddable":true,"href":"https:\/\/labovilleurbanne.fr\/blog\/wp-json\/wp\/v2\/users\/11"}],"replies":[{"embeddable":true,"href":"https:\/\/labovilleurbanne.fr\/blog\/wp-json\/wp\/v2\/comments?post=124"}],"version-history":[{"count":9,"href":"https:\/\/labovilleurbanne.fr\/blog\/wp-json\/wp\/v2\/posts\/124\/revisions"}],"predecessor-version":[{"id":1334,"href":"https:\/\/labovilleurbanne.fr\/blog\/wp-json\/wp\/v2\/posts\/124\/revisions\/1334"}],"wp:attachment":[{"href":"https:\/\/labovilleurbanne.fr\/blog\/wp-json\/wp\/v2\/media?parent=124"}],"wp:term":[{"taxonomy":"category","embeddable":true,"href":"https:\/\/labovilleurbanne.fr\/blog\/wp-json\/wp\/v2\/categories?post=124"},{"taxonomy":"post_tag","embeddable":true,"href":"https:\/\/labovilleurbanne.fr\/blog\/wp-json\/wp\/v2\/tags?post=124"}],"curies":[{"name":"wp","href":"https:\/\/api.w.org\/{rel}","templated":true}]}}